{"id":40349,"date":"2009-02-25T16:29:14","date_gmt":"2009-02-25T15:29:14","guid":{"rendered":"https:\/\/mediarun.com\/index.php\/news-posts\/pegaz-wroci-do-tvp1\/"},"modified":"2009-02-25T16:29:14","modified_gmt":"2009-02-25T15:29:14","slug":"pegaz-wroci-do-tvp1","status":"publish","type":"post","link":"https:\/\/mediarun.com\/pl\/media\/tv\/pegaz-wroci-do-tvp1.html","title":{"rendered":"&#8222;Pegaz&#8221; wr\u00f3ci do TVP1"},"content":{"rendered":"<p>20-minutow\u0105 audycj\u0119 po\u015bwi\u0119con\u0105 kulturze i sztuce poprowadzi Filip \u0141obodzi\u0144ski, publicysta Newsweeka i wieloletni dziennikarz &#8222;Wiadomo\u015bci&#8221;. Program b\u0119dzie prezentowany w telewizyjnej Jedynce w soboty o godz. 8.40. <\/p>\n<p>&#8211; &#8222;Pegaz&#8221; ma by\u0107 programem opiniotw&oacute;rczym o wysokiej kulturze, na pewno nie b\u0119dzie to magazyn dla wszystkich widz&oacute;w &#8211; m&oacute;wi Polsce The Times zast\u0119pca dyrektora TVP1 ds. artystycznych, kt&oacute;ry pracuje nad formu\u0142\u0105 &#8222;Pegaza&#8221;.<\/p>\n<p>Decyzj\u0119 o przywr&oacute;ceniu magazynu podj\u0105\u0142 wiceprezes TVP Tomasz Rudomino. Jego kadencja ko\u0144czy si\u0119 jednak tydzie\u0144 po premierze programu (zosta\u0142 oddelegowany z rady nadzorczej na trzy miesi\u0105ce), nie wiadomo wi\u0119c, jak d\u0142ugo program zago\u015bci w Jedynce. &#8211; Najwa\u017cniejsze jest to, co si\u0119 dzieje teraz. Na razie pracujemy, \u017ceby magazyn by\u0142 jak najlepiej przygotowany i spodoba\u0142 si\u0119 widzom &#8211; informuje Rogowiecki. <\/p>\n<p>&#8222;Pegaz&#8221; zadebiutowa\u0142 w TVP we wrze\u015bniu 1959 r. Jego tw&oacute;rc\u0105 i wieloletnim prezenterem by\u0142 Grzegorz Lasota. Do 2004 r. w gronie jego prowadz\u0105cych znale\u017ali si\u0119 tak\u017ce m.in.: Maciej Wierzy\u0144ski, Krzysztof T. Toeplitz, Andrzej Urba\u0144ski, Tomasz Jastrun, Marcin \u015awietlicki i Kazimiera Szczuka.<\/p>\n","protected":false},"excerpt":{"rendered":"14 marca br. po pi\u0119ciu latach przerwy na anten\u0119 TVP1 powr&oacute;ci magazyn kulturalny &#8222;Pegaz&#8221;.","protected":false},"author":1,"featured_media":40350,"comment_status":"open","ping_status":"closed","sticky":false,"template":"","format":"standard","meta":{"csco_display_header_overlay":false,"csco_singular_sidebar":"","csco_page_header_type":"","csco_page_load_nextpost":"","csco_post_video_location":[],"csco_post_video_location_hash":"","csco_post_video_url":"","csco_post_video_bg_start_time":0,"csco_post_video_bg_end_time":0,"footnotes":""},"categories":[9670],"tags":[558],"class_list":{"0":"post-40349","1":"post","2":"type-post","3":"status-publish","4":"format-standard","5":"has-post-thumbnail","7":"category-tv","8":"tag-tvp1","9":"cs-entry","10":"cs-video-wrap"},"_links":{"self":[{"href":"https:\/\/mediarun.com\/pl\/wp-json\/wp\/v2\/posts\/40349","targetHints":{"allow":["GET"]}}],"collection":[{"href":"https:\/\/mediarun.com\/pl\/wp-json\/wp\/v2\/posts"}],"about":[{"href":"https:\/\/mediarun.com\/pl\/wp-json\/wp\/v2\/types\/post"}],"author":[{"embeddable":true,"href":"https:\/\/mediarun.com\/pl\/wp-json\/wp\/v2\/users\/1"}],"replies":[{"embeddable":true,"href":"https:\/\/mediarun.com\/pl\/wp-json\/wp\/v2\/comments?post=40349"}],"version-history":[{"count":0,"href":"https:\/\/mediarun.com\/pl\/wp-json\/wp\/v2\/posts\/40349\/revisions"}],"wp:featuredmedia":[{"embeddable":true,"href":"https:\/\/mediarun.com\/pl\/wp-json\/wp\/v2\/media\/40350"}],"wp:attachment":[{"href":"https:\/\/mediarun.com\/pl\/wp-json\/wp\/v2\/media?parent=40349"}],"wp:term":[{"taxonomy":"category","embeddable":true,"href":"https:\/\/mediarun.com\/pl\/wp-json\/wp\/v2\/categories?post=40349"},{"taxonomy":"post_tag","embeddable":true,"href":"https:\/\/mediarun.com\/pl\/wp-json\/wp\/v2\/tags?post=40349"}],"curies":[{"name":"wp","href":"https:\/\/api.w.org\/{rel}","templated":true}]}}