{"id":3969,"date":"2012-11-06T13:47:52","date_gmt":"2012-11-06T12:47:52","guid":{"rendered":"https:\/\/mediarun.com\/index.php\/news-posts\/multimedia-polska-przejela-siec-na-podkarpaciu\/"},"modified":"2012-11-06T13:47:52","modified_gmt":"2012-11-06T12:47:52","slug":"multimedia-polska-przejela-siec-na-podkarpaciu","status":"publish","type":"post","link":"https:\/\/mediarun.com\/pl\/media\/tv\/multimedia-polska-przejela-siec-na-podkarpaciu.html","title":{"rendered":"Multimedia Polska przej\u0119\u0142a sie\u0107 na Podkarpaciu"},"content":{"rendered":"<p>Sanoka, Kolbuszowej, Ka\u0144czugi i Gorzyc. Przejmowana sp&oacute;\u0142ka ma w swoim zasi\u0119gu 10,5 tys. gospodarstw domowych (HP), kt&oacute;rym dostarcza ok. 5,5 tys. us\u0142ug (RGU). Warto\u015b\u0107 umowy nie odbiega od standardu tego typu transakcji zawieranych przez sp&oacute;\u0142k\u0119.<\/p>\n<p>&#8211; Poprzez przej\u0119cie Transmitela kontynuujemy nasz\u0105 strategi\u0119 konsolidacji rozdrobnionego rynku operator&oacute;w kablowych. Dzi\u0119ki tej akwizycji umacniamy r&oacute;wnie\u017c nasz\u0105 pozycj\u0119 w regionie Podkarpacia, a jednocze\u015bnie zyskujemy szans\u0119 na wzrost sprzeda\u017cy us\u0142ug na nowym obszarze. Przejmowana sie\u0107 s\u0105siaduje z nasz\u0105, co m.in. pozwoli na jej szybk\u0105 i sprawn\u0105 integracj\u0119 &#8211; m&oacute;wi Andrzej Rogowski, prezes zarz\u0105du Multimedia Polska.<\/p>\n<p>Do ko\u0144ca listopada 2012 r. b\u0119dzie trwa\u0142o badanie przejmowanej sp&oacute;\u0142ki (due diligence), po kt&oacute;rym zostanie ustalona ostateczna cena zakupu. Dzi\u0119ki szybkiemu rozpocz\u0119ciu prac modernizacyjnych i integracyjnych przejmowanej sieci, b\u0119dzie mo\u017cliwe rozszerzenie zakresu oferowanych us\u0142ug jej obecnym klientom w standardach Multimedia Polska.<\/p>\n","protected":false},"excerpt":{"rendered":"Multimedia Polska przej\u0119\u0142y Transmitel Rzesz&oacute;w, operatora telekomunikacyjnego dostarczaj\u0105cego internet, telefon oraz telewizj\u0119 na terenie Rzeszowa&#8230;","protected":false},"author":1,"featured_media":3970,"comment_status":"open","ping_status":"closed","sticky":false,"template":"","format":"standard","meta":{"csco_display_header_overlay":false,"csco_singular_sidebar":"","csco_page_header_type":"","csco_page_load_nextpost":"","csco_post_video_location":[],"csco_post_video_location_hash":"","csco_post_video_url":"","csco_post_video_bg_start_time":0,"csco_post_video_bg_end_time":0,"footnotes":""},"categories":[9670],"tags":[122],"class_list":{"0":"post-3969","1":"post","2":"type-post","3":"status-publish","4":"format-standard","5":"has-post-thumbnail","7":"category-tv","8":"tag-multimedia-polska","9":"cs-entry","10":"cs-video-wrap"},"_links":{"self":[{"href":"https:\/\/mediarun.com\/pl\/wp-json\/wp\/v2\/posts\/3969","targetHints":{"allow":["GET"]}}],"collection":[{"href":"https:\/\/mediarun.com\/pl\/wp-json\/wp\/v2\/posts"}],"about":[{"href":"https:\/\/mediarun.com\/pl\/wp-json\/wp\/v2\/types\/post"}],"author":[{"embeddable":true,"href":"https:\/\/mediarun.com\/pl\/wp-json\/wp\/v2\/users\/1"}],"replies":[{"embeddable":true,"href":"https:\/\/mediarun.com\/pl\/wp-json\/wp\/v2\/comments?post=3969"}],"version-history":[{"count":0,"href":"https:\/\/mediarun.com\/pl\/wp-json\/wp\/v2\/posts\/3969\/revisions"}],"wp:featuredmedia":[{"embeddable":true,"href":"https:\/\/mediarun.com\/pl\/wp-json\/wp\/v2\/media\/3970"}],"wp:attachment":[{"href":"https:\/\/mediarun.com\/pl\/wp-json\/wp\/v2\/media?parent=3969"}],"wp:term":[{"taxonomy":"category","embeddable":true,"href":"https:\/\/mediarun.com\/pl\/wp-json\/wp\/v2\/categories?post=3969"},{"taxonomy":"post_tag","embeddable":true,"href":"https:\/\/mediarun.com\/pl\/wp-json\/wp\/v2\/tags?post=3969"}],"curies":[{"name":"wp","href":"https:\/\/api.w.org\/{rel}","templated":true}]}}