{"id":3927,"date":"2012-11-07T14:03:24","date_gmt":"2012-11-07T13:03:24","guid":{"rendered":"https:\/\/mediarun.com\/index.php\/news-posts\/zadka-account-managerem-w-dobra-communications\/"},"modified":"2015-03-17T10:30:29","modified_gmt":"2015-03-17T10:30:29","slug":"zadka-account-managerem-w-dobra-communications","status":"publish","type":"post","link":"https:\/\/mediarun.com\/pl\/ludzie\/kariera\/zadka-account-managerem-w-dobra-communications.html","title":{"rendered":"Zadka account managerem w Dobra Communications"},"content":{"rendered":"<p>Jako account manager jest odpowiedzialna za dzia\u0142ania realizowane w ramach dzia\u0142u PR korporacyjnego firmy.<\/p>\n<p>Poprzednio Zadka pracowa\u0142a w Twenty Four Seven PR na stanowisku junior account manager. Odpowiada\u0142a za PR produktowy marki Bosch &#8211; linia zielona, realizacj\u0119 projektu Podaruj Dzieciom S\u0142o\u0144ce oraz wprowadzenie platformy Yelp na polski rynek.<\/p>\n<p>Zadka pracowa\u0142a tak\u017ce w Weber Shandwick w dziale korporacyjnym gdzie odpowiada\u0142a za dzia\u0142ania PR dla takich klient&oacute;w jak: MasterCard, Microsoft oraz Man Investments.<\/p>\n<p>Z bran\u017c\u0105 PR zwi\u0105zana jest od 2010 roku. Studiuje dziennikarstwo i komunikacj\u0119 spo\u0142eczn\u0105 na Uniwersytecie Warszawskim.<\/p>\n","protected":false},"excerpt":{"rendered":"W po\u0142owie pa\u017adziernika do zespo\u0142u agencji public relations Dobra Communications do\u0142\u0105czy\u0142a Edyta Zadka.","protected":false},"author":1,"featured_media":3928,"comment_status":"open","ping_status":"closed","sticky":false,"template":"","format":"standard","meta":{"csco_display_header_overlay":false,"csco_singular_sidebar":"","csco_page_header_type":"","csco_page_load_nextpost":"","csco_post_video_location":[],"csco_post_video_location_hash":"","csco_post_video_url":"","csco_post_video_bg_start_time":0,"csco_post_video_bg_end_time":0,"footnotes":""},"categories":[5909],"tags":[844],"class_list":{"0":"post-3927","1":"post","2":"type-post","3":"status-publish","4":"format-standard","5":"has-post-thumbnail","7":"category-kariera","8":"tag-dobra-communications","9":"cs-entry","10":"cs-video-wrap"},"_links":{"self":[{"href":"https:\/\/mediarun.com\/pl\/wp-json\/wp\/v2\/posts\/3927","targetHints":{"allow":["GET"]}}],"collection":[{"href":"https:\/\/mediarun.com\/pl\/wp-json\/wp\/v2\/posts"}],"about":[{"href":"https:\/\/mediarun.com\/pl\/wp-json\/wp\/v2\/types\/post"}],"author":[{"embeddable":true,"href":"https:\/\/mediarun.com\/pl\/wp-json\/wp\/v2\/users\/1"}],"replies":[{"embeddable":true,"href":"https:\/\/mediarun.com\/pl\/wp-json\/wp\/v2\/comments?post=3927"}],"version-history":[{"count":0,"href":"https:\/\/mediarun.com\/pl\/wp-json\/wp\/v2\/posts\/3927\/revisions"}],"wp:featuredmedia":[{"embeddable":true,"href":"https:\/\/mediarun.com\/pl\/wp-json\/wp\/v2\/media\/3928"}],"wp:attachment":[{"href":"https:\/\/mediarun.com\/pl\/wp-json\/wp\/v2\/media?parent=3927"}],"wp:term":[{"taxonomy":"category","embeddable":true,"href":"https:\/\/mediarun.com\/pl\/wp-json\/wp\/v2\/categories?post=3927"},{"taxonomy":"post_tag","embeddable":true,"href":"https:\/\/mediarun.com\/pl\/wp-json\/wp\/v2\/tags?post=3927"}],"curies":[{"name":"wp","href":"https:\/\/api.w.org\/{rel}","templated":true}]}}