{"id":38751,"date":"2009-04-07T15:55:09","date_gmt":"2009-04-07T13:55:09","guid":{"rendered":"https:\/\/mediarun.com\/index.php\/news-posts\/stefanik-wspoltworzy-ramowke-superstacji\/"},"modified":"2009-04-07T15:55:09","modified_gmt":"2009-04-07T13:55:09","slug":"stefanik-wspoltworzy-ramowke-superstacji","status":"publish","type":"post","link":"https:\/\/mediarun.com\/pl\/media\/tv\/stefanik-wspoltworzy-ramowke-superstacji.html","title":{"rendered":"Stefanik wsp\u00f3\u0142tworzy ram\u00f3wk\u0119 Superstacji"},"content":{"rendered":"<p>Stefanik ma pom&oacute;c we wzmocnieniu pozycji Superstacji na rynku kana\u0142&oacute;w tematycznych. W dalszym ci\u0105gu b\u0119dzie tak\u017ce odpowiada\u0142 za kwestie programowe w TV4.<\/p>\n<p>Jak poinformowa\u0142a Presserwis Katarzyna Tatarkiewicz, dyrektor marketingu Superstacji, Stefanik prawdopodobnie zostanie cz\u0142onkiem zarz\u0105du ds. programowych. By\u0142by trzeci\u0105 osob\u0105 w zarz\u0105dzie Superstacji, w kt&oacute;rym zasiadaj\u0105 obecnie prezes Ryszard Krajewski i odpowiedzialny za sprawy finansowe Janusz Kaliszyk.<\/p>\n","protected":false},"excerpt":{"rendered":"Adam Stefanik, dyrektor programowy Czw&oacute;rki, rozpocznie wsp&oacute;\u0142prac\u0119 z Superstacj\u0105 w zakresie przygotowania i wprowadzenia nowej ram&oacute;wki kana\u0142u.","protected":false},"author":1,"featured_media":38752,"comment_status":"open","ping_status":"closed","sticky":false,"template":"","format":"standard","meta":{"csco_display_header_overlay":false,"csco_singular_sidebar":"","csco_page_header_type":"","csco_page_load_nextpost":"","csco_post_video_location":[],"csco_post_video_location_hash":"","csco_post_video_url":"","csco_post_video_bg_start_time":0,"csco_post_video_bg_end_time":0,"footnotes":""},"categories":[9670],"tags":[1162,1870],"class_list":{"0":"post-38751","1":"post","2":"type-post","3":"status-publish","4":"format-standard","5":"has-post-thumbnail","7":"category-tv","8":"tag-czworka","9":"tag-superstacja","10":"cs-entry","11":"cs-video-wrap"},"_links":{"self":[{"href":"https:\/\/mediarun.com\/pl\/wp-json\/wp\/v2\/posts\/38751","targetHints":{"allow":["GET"]}}],"collection":[{"href":"https:\/\/mediarun.com\/pl\/wp-json\/wp\/v2\/posts"}],"about":[{"href":"https:\/\/mediarun.com\/pl\/wp-json\/wp\/v2\/types\/post"}],"author":[{"embeddable":true,"href":"https:\/\/mediarun.com\/pl\/wp-json\/wp\/v2\/users\/1"}],"replies":[{"embeddable":true,"href":"https:\/\/mediarun.com\/pl\/wp-json\/wp\/v2\/comments?post=38751"}],"version-history":[{"count":0,"href":"https:\/\/mediarun.com\/pl\/wp-json\/wp\/v2\/posts\/38751\/revisions"}],"wp:featuredmedia":[{"embeddable":true,"href":"https:\/\/mediarun.com\/pl\/wp-json\/wp\/v2\/media\/38752"}],"wp:attachment":[{"href":"https:\/\/mediarun.com\/pl\/wp-json\/wp\/v2\/media?parent=38751"}],"wp:term":[{"taxonomy":"category","embeddable":true,"href":"https:\/\/mediarun.com\/pl\/wp-json\/wp\/v2\/categories?post=38751"},{"taxonomy":"post_tag","embeddable":true,"href":"https:\/\/mediarun.com\/pl\/wp-json\/wp\/v2\/tags?post=38751"}],"curies":[{"name":"wp","href":"https:\/\/api.w.org\/{rel}","templated":true}]}}