{"id":3869,"date":"2012-11-09T13:39:05","date_gmt":"2012-11-09T12:39:05","guid":{"rendered":"https:\/\/mediarun.com\/index.php\/news-posts\/zmiany-w-strukturze-telewizji-puls\/"},"modified":"2015-03-17T10:30:24","modified_gmt":"2015-03-17T10:30:24","slug":"zmiany-w-strukturze-telewizji-puls","status":"publish","type":"post","link":"https:\/\/mediarun.com\/pl\/ludzie\/kariera\/zmiany-w-strukturze-telewizji-puls.html","title":{"rendered":"Zmiany w strukturze telewizji Puls"},"content":{"rendered":"<p>dzia\u0142 programowy TV Puls. Zyska on nowego zast\u0119pc\u0119 dyrektora ds. programowych.<\/p>\n<p>Jacek \u015aciob\u0142owski,  Menad\u017cer Kana\u0142u Puls 2, b\u0119dzie odpowiedzialny za ca\u0142okszta\u0142t spraw zwi\u0105zanych z jego rozwojem. Posiada bogate do\u015bwiadczenie zawodowe w telewizji na stanowiskach mened\u017cerskich. Odpowiedzialny by\u0142 mi\u0119dzy innymi za produkcje, opracowywanie strategii programowych stacji oraz planowanie ram&oacute;wki.<\/p>\n<p>Zmiany w strukturze organizacyjnej stacji obejm\u0105 tak\u017ce dzia\u0142 programowy TV Puls. Ze stacj\u0105 rozsta\u0142a si\u0119 Magdalena B\u0142aszczyk, dotychczasowy zast\u0119pca Dyrektora Programowego &#8211; t\u0119 funkcj\u0119 niezmiennie pe\u0142ni Prezes stacji Dariusz D\u0105bski (jako p.o.). Jeszcze w pa\u017adzierniku stacja wzmocni\u0142a dzia\u0142 zakup&oacute;w programowych, do kt&oacute;rego do\u0142\u0105czyli: Agnieszka Gawlikowska, Ma\u0142gorzata Gudel, Izabela Supera i Krzysztof G&oacute;rski. Dzia\u0142 programowy zyska\u0142 r&oacute;wnie\u017c nowych szef&oacute;w sekcji. Awanse otrzymali: Mateusz Kloc, Przemys\u0142aw Wzorek i Monika Niewczas. Obecnie trwa rekrutacja na stanowisko zast\u0119pcy dyrektora ds. programowych TV Puls, z mo\u017cliwo\u015bci\u0105 p&oacute;\u017aniejszego awansu, szefa dzia\u0142u produkcji oraz specjalist\u0119 ds. zakup&oacute;w, dedykowanego dla Puls 2.<\/p>\n","protected":false},"excerpt":{"rendered":"W listopadzie telewizja Puls wprowadza zmiany w swojej strukturze. Do zespo\u0142u stacji do\u0142\u0105czy\u0142 Jacek \u015aciob\u0142owski, kt&oacute;ry obj\u0105\u0142 stanowisko Menad\u017cera kana\u0142u Puls 2.  Zmiany obejm\u0105 r&oacute;wnie\u017c&#8230;&nbsp;","protected":false},"author":1,"featured_media":3870,"comment_status":"open","ping_status":"closed","sticky":false,"template":"","format":"standard","meta":{"csco_display_header_overlay":false,"csco_singular_sidebar":"","csco_page_header_type":"","csco_page_load_nextpost":"","csco_post_video_location":[],"csco_post_video_location_hash":"","csco_post_video_url":"","csco_post_video_bg_start_time":0,"csco_post_video_bg_end_time":0,"footnotes":""},"categories":[5909],"tags":[461],"class_list":{"0":"post-3869","1":"post","2":"type-post","3":"status-publish","4":"format-standard","5":"has-post-thumbnail","7":"category-kariera","8":"tag-tv-puls","9":"cs-entry","10":"cs-video-wrap"},"_links":{"self":[{"href":"https:\/\/mediarun.com\/pl\/wp-json\/wp\/v2\/posts\/3869","targetHints":{"allow":["GET"]}}],"collection":[{"href":"https:\/\/mediarun.com\/pl\/wp-json\/wp\/v2\/posts"}],"about":[{"href":"https:\/\/mediarun.com\/pl\/wp-json\/wp\/v2\/types\/post"}],"author":[{"embeddable":true,"href":"https:\/\/mediarun.com\/pl\/wp-json\/wp\/v2\/users\/1"}],"replies":[{"embeddable":true,"href":"https:\/\/mediarun.com\/pl\/wp-json\/wp\/v2\/comments?post=3869"}],"version-history":[{"count":0,"href":"https:\/\/mediarun.com\/pl\/wp-json\/wp\/v2\/posts\/3869\/revisions"}],"wp:featuredmedia":[{"embeddable":true,"href":"https:\/\/mediarun.com\/pl\/wp-json\/wp\/v2\/media\/3870"}],"wp:attachment":[{"href":"https:\/\/mediarun.com\/pl\/wp-json\/wp\/v2\/media?parent=3869"}],"wp:term":[{"taxonomy":"category","embeddable":true,"href":"https:\/\/mediarun.com\/pl\/wp-json\/wp\/v2\/categories?post=3869"},{"taxonomy":"post_tag","embeddable":true,"href":"https:\/\/mediarun.com\/pl\/wp-json\/wp\/v2\/tags?post=3869"}],"curies":[{"name":"wp","href":"https:\/\/api.w.org\/{rel}","templated":true}]}}