{"id":38635,"date":"2009-04-09T15:13:40","date_gmt":"2009-04-09T13:13:40","guid":{"rendered":"https:\/\/mediarun.com\/index.php\/news-posts\/trzeci-sezon-39-i-pol-jesienia\/"},"modified":"2009-04-09T15:13:40","modified_gmt":"2009-04-09T13:13:40","slug":"trzeci-sezon-39-i-pol-jesienia","status":"publish","type":"post","link":"https:\/\/mediarun.com\/pl\/media\/tv\/trzeci-sezon-39-i-pol-jesienia.html","title":{"rendered":"Trzeci sezon &#8222;39 i p\u00f3\u0142&#8221; jesieni\u0105"},"content":{"rendered":"<p>Do tej pory serial nadawany by\u0142 jedynie na wiosn\u0119. Emisja drugiej edycji &#8222;39 i p&oacute;\u0142&#8221; rozpocz\u0119\u0142a si\u0119 3 marca. Serial emitowany jest o 21.30 we wtorki na kanale TVN.<\/p>\n<p>W trzeciej serii g\u0142&oacute;wnym bohaterem nadal b\u0119dzie grany przez Tomasza Karolaka Darek Jankowski, kt&oacute;ry b\u0119dzie zmaga\u0142 si\u0119 z nowymi wyzwaniami. Na g\u0142owie rodziny b\u0119dzie spoczywa\u0107 nowa praca, sporo obowi\u0105zk&oacute;w i du\u017ca odpowiedzialno\u015b\u0107.<\/p>\n<p>Jeszcze nie jest znana dok\u0142adna data emisji premierowego odcinka trzeciej serii serialu.<\/p>\n","protected":false},"excerpt":{"rendered":"Stacja TVN planuje trzeci\u0105 edycj\u0119 popularnego serialu jesieni\u0105. Tym razem fani &#8222;39 i p&oacute;\u0142&#8221; nie b\u0119d\u0105 musieli czeka\u0107 ca\u0142y rok na emisj\u0119 kolejnej serii.","protected":false},"author":1,"featured_media":38636,"comment_status":"open","ping_status":"closed","sticky":false,"template":"","format":"standard","meta":{"csco_display_header_overlay":false,"csco_singular_sidebar":"","csco_page_header_type":"","csco_page_load_nextpost":"","csco_post_video_location":[],"csco_post_video_location_hash":"","csco_post_video_url":"","csco_post_video_bg_start_time":0,"csco_post_video_bg_end_time":0,"footnotes":""},"categories":[9670],"tags":[98],"class_list":{"0":"post-38635","1":"post","2":"type-post","3":"status-publish","4":"format-standard","5":"has-post-thumbnail","7":"category-tv","8":"tag-tvn","9":"cs-entry","10":"cs-video-wrap"},"_links":{"self":[{"href":"https:\/\/mediarun.com\/pl\/wp-json\/wp\/v2\/posts\/38635","targetHints":{"allow":["GET"]}}],"collection":[{"href":"https:\/\/mediarun.com\/pl\/wp-json\/wp\/v2\/posts"}],"about":[{"href":"https:\/\/mediarun.com\/pl\/wp-json\/wp\/v2\/types\/post"}],"author":[{"embeddable":true,"href":"https:\/\/mediarun.com\/pl\/wp-json\/wp\/v2\/users\/1"}],"replies":[{"embeddable":true,"href":"https:\/\/mediarun.com\/pl\/wp-json\/wp\/v2\/comments?post=38635"}],"version-history":[{"count":0,"href":"https:\/\/mediarun.com\/pl\/wp-json\/wp\/v2\/posts\/38635\/revisions"}],"wp:featuredmedia":[{"embeddable":true,"href":"https:\/\/mediarun.com\/pl\/wp-json\/wp\/v2\/media\/38636"}],"wp:attachment":[{"href":"https:\/\/mediarun.com\/pl\/wp-json\/wp\/v2\/media?parent=38635"}],"wp:term":[{"taxonomy":"category","embeddable":true,"href":"https:\/\/mediarun.com\/pl\/wp-json\/wp\/v2\/categories?post=38635"},{"taxonomy":"post_tag","embeddable":true,"href":"https:\/\/mediarun.com\/pl\/wp-json\/wp\/v2\/tags?post=38635"}],"curies":[{"name":"wp","href":"https:\/\/api.w.org\/{rel}","templated":true}]}}