{"id":38595,"date":"2009-04-14T10:16:45","date_gmt":"2009-04-14T08:16:45","guid":{"rendered":"https:\/\/mediarun.com\/index.php\/news-posts\/tvp-kreci-serial-o-dmowskim\/"},"modified":"2009-04-14T10:16:45","modified_gmt":"2009-04-14T08:16:45","slug":"tvp-kreci-serial-o-dmowskim","status":"publish","type":"post","link":"https:\/\/mediarun.com\/pl\/media\/tv\/tvp-kreci-serial-o-dmowskim.html","title":{"rendered":"TVP kr\u0119ci serial o Dmowskim"},"content":{"rendered":"<p>Jak donosi dziennik Polska The Times, serial jest w trakcie realizacji. Obok niego do produkcji trafi\u0107 ma tak\u017ce odcinkowa opowie\u015b\u0107 po\u015bwi\u0119cona rodzinie Sapieh&oacute;w. Szczeg&oacute;\u0142y nie s\u0105 na razie znane.<\/p>\n<p>B\u0119d\u0105 to kolejne historyczne seriale publicznego nadawcy. Na pocz\u0105tku kwietnia br. wystartowa\u0142y zdj\u0119cia do nowej serii &#8222;Czasu honoru&#8221;, kt&oacute;ra pojawi si\u0119 w Dw&oacute;jce jesieni\u0105 br.<\/p>\n","protected":false},"excerpt":{"rendered":"Najprawdopodobniej jesieni\u0105 tego roku Telewizja Polska rozpocznie emisj\u0119 nowego serialu historycznego o Romanie Dmowskim.","protected":false},"author":1,"featured_media":38596,"comment_status":"open","ping_status":"closed","sticky":false,"template":"","format":"standard","meta":{"csco_display_header_overlay":false,"csco_singular_sidebar":"","csco_page_header_type":"","csco_page_load_nextpost":"","csco_post_video_location":[],"csco_post_video_location_hash":"","csco_post_video_url":"","csco_post_video_bg_start_time":0,"csco_post_video_bg_end_time":0,"footnotes":""},"categories":[9670],"tags":[392],"class_list":{"0":"post-38595","1":"post","2":"type-post","3":"status-publish","4":"format-standard","5":"has-post-thumbnail","7":"category-tv","8":"tag-tvp","9":"cs-entry","10":"cs-video-wrap"},"_links":{"self":[{"href":"https:\/\/mediarun.com\/pl\/wp-json\/wp\/v2\/posts\/38595","targetHints":{"allow":["GET"]}}],"collection":[{"href":"https:\/\/mediarun.com\/pl\/wp-json\/wp\/v2\/posts"}],"about":[{"href":"https:\/\/mediarun.com\/pl\/wp-json\/wp\/v2\/types\/post"}],"author":[{"embeddable":true,"href":"https:\/\/mediarun.com\/pl\/wp-json\/wp\/v2\/users\/1"}],"replies":[{"embeddable":true,"href":"https:\/\/mediarun.com\/pl\/wp-json\/wp\/v2\/comments?post=38595"}],"version-history":[{"count":0,"href":"https:\/\/mediarun.com\/pl\/wp-json\/wp\/v2\/posts\/38595\/revisions"}],"wp:featuredmedia":[{"embeddable":true,"href":"https:\/\/mediarun.com\/pl\/wp-json\/wp\/v2\/media\/38596"}],"wp:attachment":[{"href":"https:\/\/mediarun.com\/pl\/wp-json\/wp\/v2\/media?parent=38595"}],"wp:term":[{"taxonomy":"category","embeddable":true,"href":"https:\/\/mediarun.com\/pl\/wp-json\/wp\/v2\/categories?post=38595"},{"taxonomy":"post_tag","embeddable":true,"href":"https:\/\/mediarun.com\/pl\/wp-json\/wp\/v2\/tags?post=38595"}],"curies":[{"name":"wp","href":"https:\/\/api.w.org\/{rel}","templated":true}]}}