{"id":37618,"date":"2009-05-11T12:15:22","date_gmt":"2009-05-11T10:15:22","guid":{"rendered":"https:\/\/mediarun.com\/index.php\/news-posts\/giertych-kontra-tvn-to-nie-moj-dom\/"},"modified":"2009-05-11T12:15:22","modified_gmt":"2009-05-11T10:15:22","slug":"giertych-kontra-tvn-to-nie-moj-dom","status":"publish","type":"post","link":"https:\/\/mediarun.com\/pl\/media\/tv\/giertych-kontra-tvn-to-nie-moj-dom.html","title":{"rendered":"Giertych kontra TVN: To nie m\u00f3j dom"},"content":{"rendered":"<p>na jego domu nie wywieszono drugiego i trzeciego maja flagi narodowej.<\/p>\n<p>Wi\u0119cej na <a href=\"http:\/\/http:\/\/www.rzeczpospolita.pl\/\">http:\/\/www.rzeczpospolita.pl\/<\/a><\/p>\n","protected":false},"excerpt":{"rendered":"Roman Giertych pozwa\u0142 do s\u0105du telewizj\u0119 TVN. Wed\u0142ug by\u0142ego przyw&oacute;dcy Ligi Polskich Rodzin, w programie &#8222;Teraz My&#8221; w TVN b\u0142\u0119dnie poinformowano, \u017ce&#8230;","protected":false},"author":1,"featured_media":37619,"comment_status":"open","ping_status":"closed","sticky":false,"template":"","format":"standard","meta":{"csco_display_header_overlay":false,"csco_singular_sidebar":"","csco_page_header_type":"","csco_page_load_nextpost":"","csco_post_video_location":[],"csco_post_video_location_hash":"","csco_post_video_url":"","csco_post_video_bg_start_time":0,"csco_post_video_bg_end_time":0,"footnotes":""},"categories":[9670],"tags":[98],"class_list":{"0":"post-37618","1":"post","2":"type-post","3":"status-publish","4":"format-standard","5":"has-post-thumbnail","7":"category-tv","8":"tag-tvn","9":"cs-entry","10":"cs-video-wrap"},"_links":{"self":[{"href":"https:\/\/mediarun.com\/pl\/wp-json\/wp\/v2\/posts\/37618","targetHints":{"allow":["GET"]}}],"collection":[{"href":"https:\/\/mediarun.com\/pl\/wp-json\/wp\/v2\/posts"}],"about":[{"href":"https:\/\/mediarun.com\/pl\/wp-json\/wp\/v2\/types\/post"}],"author":[{"embeddable":true,"href":"https:\/\/mediarun.com\/pl\/wp-json\/wp\/v2\/users\/1"}],"replies":[{"embeddable":true,"href":"https:\/\/mediarun.com\/pl\/wp-json\/wp\/v2\/comments?post=37618"}],"version-history":[{"count":0,"href":"https:\/\/mediarun.com\/pl\/wp-json\/wp\/v2\/posts\/37618\/revisions"}],"wp:featuredmedia":[{"embeddable":true,"href":"https:\/\/mediarun.com\/pl\/wp-json\/wp\/v2\/media\/37619"}],"wp:attachment":[{"href":"https:\/\/mediarun.com\/pl\/wp-json\/wp\/v2\/media?parent=37618"}],"wp:term":[{"taxonomy":"category","embeddable":true,"href":"https:\/\/mediarun.com\/pl\/wp-json\/wp\/v2\/categories?post=37618"},{"taxonomy":"post_tag","embeddable":true,"href":"https:\/\/mediarun.com\/pl\/wp-json\/wp\/v2\/tags?post=37618"}],"curies":[{"name":"wp","href":"https:\/\/api.w.org\/{rel}","templated":true}]}}