{"id":3701,"date":"2012-11-20T01:24:59","date_gmt":"2012-11-20T00:24:59","guid":{"rendered":"https:\/\/mediarun.com\/index.php\/news-posts\/rzeczpospolita-szuka-naczelnego-weglarczyk-zastepca\/"},"modified":"2012-11-20T01:24:59","modified_gmt":"2012-11-20T00:24:59","slug":"rzeczpospolita-szuka-naczelnego-weglarczyk-zastepca","status":"publish","type":"post","link":"https:\/\/mediarun.com\/pl\/media\/prasa\/rzeczpospolita-szuka-naczelnego-weglarczyk-zastepca.html","title":{"rendered":"Rzeczpospolita szuka naczelnego, W\u0119glarczyk zast\u0119pc\u0105"},"content":{"rendered":"<p>Rozmowy kwalifikacyjne z kandydatami maj\u0105 by\u0107 prowadzone do ko\u0144ca stycznia 2013 r. Og\u0142oszenie oraz szczeg&oacute;\u0142owe informacje na temat konkursu mo\u017cna znale\u017a\u0107 pod adresem&nbsp;<a href=\"http:\/\/www.rp.pl\/temat\/953425.html\" target=\"_blank\" rel=\"noopener\">http:\/\/www.rp.pl\/temat\/953425.html<\/a>.<\/p>\n<p>W\u015br&oacute;d wymaga\u0144 dla kandydat&oacute;w znalaz\u0142y si\u0119 m.in.:&nbsp;<span>&lrm;6-letnie do\u015bwiadczenie w mediach, 3 lata na stanowiskach kierowniczych, znajomo\u015b\u0107 Prawa Prasowego oraz j\u0119zyka angielskiego.<\/span><\/p>\n<p>Do czasu rozstrzygni\u0119cia konkursu, pe\u0142ni\u0105cym obowi\u0105zki naczelnego Rzeczpospolitej pozostanie Andrzej Talaga. Na stanowisko jego zast\u0119pcy powo\u0142any zosta\u0142 Bartosz W\u0119glarczyk, kt&oacute;ry r&oacute;wnocze\u015bnie pozostaje naczelnym miesi\u0119cznika Sukces.<\/p>\n<p>Pod koniec pa\u017adziernika &#8222;Rz&#8221; napisa\u0142a, \u017ce \u015bledczy na wraku samolotu Tu-154M w Smole\u0144sku znale\u017ali \u015blady trotylu i nitrogliceryny. Prokuratura wojskowa zaprzeczy\u0142a, \u017ce s\u0105 takie ustalenia. Dopiero badania laboratoryjne b\u0119d\u0105 mog\u0142y by\u0107 podstaw\u0105 do twierdzenia o istnieniu b\u0105d\u017a nieistnieniu \u015blad&oacute;w materia\u0142&oacute;w wybuchowych &#8211; poda\u0142a prokuratura.<\/p>\n<p>Po post\u0119powaniu wyja\u015bniaj\u0105cym rada nadzorcza Presspubliki, wydawcy &#8222;Rz&#8221;, uzna\u0142a artyku\u0142 za nierzetelny i nienale\u017cycie udokumentowany i rekomendowa\u0142a odwo\u0142anie redaktora naczelnego tytu\u0142u Tomasza Wr&oacute;blewskiego, jego zast\u0119pcy Bartosza Marczuka i szefa dzia\u0142u krajowego Mariusza Staniszewskiego. Prac\u0119 straci\u0142 te\u017c autor artyku\u0142u Cezary Gmyz.<\/p>\n<p>Pracami redakcji od tego czasu kieruje Andrzej Talaga &#8211; dotychczasowy wicenaczelny tytu\u0142u.<\/p>\n","protected":false},"excerpt":{"rendered":"Rada nadzorcza Presspubliki, wydawcy Rzeczpospolitej, og\u0142osi we wtorek konkurs na redaktora naczelnego dziennika.","protected":false},"author":1,"featured_media":3702,"comment_status":"open","ping_status":"closed","sticky":false,"template":"","format":"standard","meta":{"csco_display_header_overlay":false,"csco_singular_sidebar":"","csco_page_header_type":"","csco_page_load_nextpost":"","csco_post_video_location":[],"csco_post_video_location_hash":"","csco_post_video_url":"","csco_post_video_bg_start_time":0,"csco_post_video_bg_end_time":0,"footnotes":""},"categories":[9673],"tags":[560,361],"class_list":{"0":"post-3701","1":"post","2":"type-post","3":"status-publish","4":"format-standard","5":"has-post-thumbnail","7":"category-prasa","8":"tag-presspublica","9":"tag-rzeczpospolita","10":"cs-entry","11":"cs-video-wrap"},"_links":{"self":[{"href":"https:\/\/mediarun.com\/pl\/wp-json\/wp\/v2\/posts\/3701","targetHints":{"allow":["GET"]}}],"collection":[{"href":"https:\/\/mediarun.com\/pl\/wp-json\/wp\/v2\/posts"}],"about":[{"href":"https:\/\/mediarun.com\/pl\/wp-json\/wp\/v2\/types\/post"}],"author":[{"embeddable":true,"href":"https:\/\/mediarun.com\/pl\/wp-json\/wp\/v2\/users\/1"}],"replies":[{"embeddable":true,"href":"https:\/\/mediarun.com\/pl\/wp-json\/wp\/v2\/comments?post=3701"}],"version-history":[{"count":0,"href":"https:\/\/mediarun.com\/pl\/wp-json\/wp\/v2\/posts\/3701\/revisions"}],"wp:featuredmedia":[{"embeddable":true,"href":"https:\/\/mediarun.com\/pl\/wp-json\/wp\/v2\/media\/3702"}],"wp:attachment":[{"href":"https:\/\/mediarun.com\/pl\/wp-json\/wp\/v2\/media?parent=3701"}],"wp:term":[{"taxonomy":"category","embeddable":true,"href":"https:\/\/mediarun.com\/pl\/wp-json\/wp\/v2\/categories?post=3701"},{"taxonomy":"post_tag","embeddable":true,"href":"https:\/\/mediarun.com\/pl\/wp-json\/wp\/v2\/tags?post=3701"}],"curies":[{"name":"wp","href":"https:\/\/api.w.org\/{rel}","templated":true}]}}