{"id":36830,"date":"2009-05-29T15:08:11","date_gmt":"2009-05-29T13:08:11","guid":{"rendered":"https:\/\/mediarun.com\/index.php\/news-posts\/cejrowski-wraca-po-wyborach\/"},"modified":"2009-05-29T15:08:11","modified_gmt":"2009-05-29T13:08:11","slug":"cejrowski-wraca-po-wyborach","status":"publish","type":"post","link":"https:\/\/mediarun.com\/pl\/media\/tv\/cejrowski-wraca-po-wyborach.html","title":{"rendered":"Cejrowski wraca po wyborach"},"content":{"rendered":"<p>Program Cejrowskiego na czas trwania kampanii wyborczej zosta\u0142 usuni\u0119ty z ram&oacute;wki Dw&oacute;jki. Kolejny odcinek zostanie wyemitowany ponownie w czwartek, 11 czerwca, o godz. 10.00 i w niedziel\u0119, 14 czerwca, o godz. 10.00.<\/p>\n<p>&#8211; Decyzj\u0119 o zawieszeniu emisji &#8222;Boso przez \u015bwiat&#8221; podj\u0119ta zosta\u0142a w trosce o zapewnienie rzetelno\u015bci i bezstronno\u015bci przebiegu kampanii wyborczej &#8211; informuje TVP w oficjalnym o\u015bwiadczeniu.<\/p>\n<p>O zawieszeniu emisji programu Cejrowskiego poinformowa\u0142 w \u015brod\u0119 wieczorem (20 maja br.) portal internetowy Fronda.pl.<\/p>\n<p>Szef Prawicy Rzeczypospolitej Marek Jurek uwa\u017ca, \u017ce zawieszenie emisji programu telewizyjnego znanego podr&oacute;\u017cnika Wojciecha Cejrowskiego jest reakcj\u0105 w\u0142adz TVP na to, \u017ce popar\u0142 on jego kandydatur\u0119 w wyborach do PE.<\/p>\n<p>Jurek podkre\u015bli\u0142 na konferencji prasowej, \u017ce zawieszenie programu &#8222;Boso przez \u015bwiat&#8221; odbiera jednoznacznie jako pr&oacute;b\u0119 zastraszenia dziennikarzy i tw&oacute;rc&oacute;w telewizyjnych. Doda\u0142, \u017ce b\u0119dzie w tej sprawie interweniowa\u0142. &#8211; Widmo cenzury straszy dzi\u015b media publiczne &#8211; zaznaczy\u0142 Marek Jurek.<\/p>\n","protected":false},"excerpt":{"rendered":"Cykl &#8222;Wojciech Cejrowski &#8211; boso przez \u015bwiat&#8221; wr&oacute;ci na anten\u0119 TVP2 po zako\u0144czeniu wybor&oacute;w do europarlamentu.","protected":false},"author":1,"featured_media":36831,"comment_status":"open","ping_status":"closed","sticky":false,"template":"","format":"standard","meta":{"csco_display_header_overlay":false,"csco_singular_sidebar":"","csco_page_header_type":"","csco_page_load_nextpost":"","csco_post_video_location":[],"csco_post_video_location_hash":"","csco_post_video_url":"","csco_post_video_bg_start_time":0,"csco_post_video_bg_end_time":0,"footnotes":""},"categories":[9670],"tags":[610],"class_list":{"0":"post-36830","1":"post","2":"type-post","3":"status-publish","4":"format-standard","5":"has-post-thumbnail","7":"category-tv","8":"tag-tvp2","9":"cs-entry","10":"cs-video-wrap"},"_links":{"self":[{"href":"https:\/\/mediarun.com\/pl\/wp-json\/wp\/v2\/posts\/36830","targetHints":{"allow":["GET"]}}],"collection":[{"href":"https:\/\/mediarun.com\/pl\/wp-json\/wp\/v2\/posts"}],"about":[{"href":"https:\/\/mediarun.com\/pl\/wp-json\/wp\/v2\/types\/post"}],"author":[{"embeddable":true,"href":"https:\/\/mediarun.com\/pl\/wp-json\/wp\/v2\/users\/1"}],"replies":[{"embeddable":true,"href":"https:\/\/mediarun.com\/pl\/wp-json\/wp\/v2\/comments?post=36830"}],"version-history":[{"count":0,"href":"https:\/\/mediarun.com\/pl\/wp-json\/wp\/v2\/posts\/36830\/revisions"}],"wp:featuredmedia":[{"embeddable":true,"href":"https:\/\/mediarun.com\/pl\/wp-json\/wp\/v2\/media\/36831"}],"wp:attachment":[{"href":"https:\/\/mediarun.com\/pl\/wp-json\/wp\/v2\/media?parent=36830"}],"wp:term":[{"taxonomy":"category","embeddable":true,"href":"https:\/\/mediarun.com\/pl\/wp-json\/wp\/v2\/categories?post=36830"},{"taxonomy":"post_tag","embeddable":true,"href":"https:\/\/mediarun.com\/pl\/wp-json\/wp\/v2\/tags?post=36830"}],"curies":[{"name":"wp","href":"https:\/\/api.w.org\/{rel}","templated":true}]}}