{"id":36790,"date":"2009-06-01T13:38:22","date_gmt":"2009-06-01T11:38:22","guid":{"rendered":"https:\/\/mediarun.com\/index.php\/news-posts\/szefowie-iti-wsparli-kampanie-gronkiewicz-waltz\/"},"modified":"2009-06-01T13:38:22","modified_gmt":"2009-06-01T11:38:22","slug":"szefowie-iti-wsparli-kampanie-gronkiewicz-waltz","status":"publish","type":"post","link":"https:\/\/mediarun.com\/pl\/media\/tv\/szefowie-iti-wsparli-kampanie-gronkiewicz-waltz.html","title":{"rendered":"Szefowie ITI wsparli kampani\u0119 Gronkiewicz-Waltz"},"content":{"rendered":"<p>&#8211; wynika z informacji, do kt&oacute;rych dotarli dziennikarze Newsweeka.<\/p>\n<p>Tygodnik przypomina, \u017ce w ubieg\u0142ym roku decyzj\u0105 w\u0142adz Warszawy, rz\u0105dzonej przez prezydent Hann\u0119 Gronkiewicz Waltz (PO), ITI otrzyma\u0142o 456 mln z\u0142 dofinansowania do budowy nowego stadionu Legii, kt&oacute;rej w\u0142a\u015bcicielem jest koncern.<\/p>\n<p>Wywo\u0142a\u0142o to oburzenie polityk&oacute;w Prawa i Sprawiedliwo\u015bci, kt&oacute;rzy sugerowali, \u017ce Platforma Obywatelska kupi\u0142a w ten spos&oacute;b przychylno\u015b\u0107 telewizji TVN. &#8222;Oburza skala i cz\u0119stotliwo\u015b\u0107 powtarzanych k\u0142amstw&#8221; &#8211; napisa\u0142 w specjalnym o\u015bwiadczeniu prezes ITI Wojciech Kostrzewa, odpowiadaj\u0105c na zarzuty m.in. Jaros\u0142awa Kaczy\u0144skiego.<\/p>\n<p>Wedle ustale\u0144 Newsweeka w 2005 r. Jan Wejchert, wsp&oacute;\u0142za\u0142o\u017cyciel ITI oraz Wojciech Kostrzewa przelali na rachunek PO ze swoich kont po 10 tys. z\u0142 z dopiskiem &#8222;na kampani\u0119 Hanny Gronkiewicz-Waltz&#8221;. Obecna prezydent Warszawy walczy\u0142a w&oacute;wczas o mandat poselski.<\/p>\n<p>&#8211; W\u015br&oacute;d wp\u0142acaj\u0105cych na moj\u0105 kampani\u0119 mog\u0105 znajdowa\u0107 si\u0119 osoby, kt&oacute;re dokonywa\u0142y wp\u0142at bez uzgodnie\u0144 ze mn\u0105 i bez kontaktu z moim sztabem &#8211; wyja\u015bni\u0142a Gronkiewicz-Waltz i zapewni\u0142a Newsweek, \u017ce podejmuj\u0105c decyzje nie kieruje si\u0119 interesami sponsor&oacute;w swojej kampanii.<\/p>\n<p>Szefowie ITI na pytania Newsweeka o sponsorowanie polityk&oacute;w nie odpowiedzieli.<\/p>\n","protected":false},"excerpt":{"rendered":"Szefowie koncernu ITI, kt&oacute;ry dosta\u0142 456 mln z\u0142 z kasy Warszawy, wcze\u015bniej wp\u0142acali pieni\u0105dze na kampani\u0119 Hanny Gronkiewicz-Waltz&#8230;","protected":false},"author":1,"featured_media":36791,"comment_status":"open","ping_status":"closed","sticky":false,"template":"","format":"standard","meta":{"csco_display_header_overlay":false,"csco_singular_sidebar":"","csco_page_header_type":"","csco_page_load_nextpost":"","csco_post_video_location":[],"csco_post_video_location_hash":"","csco_post_video_url":"","csco_post_video_bg_start_time":0,"csco_post_video_bg_end_time":0,"footnotes":""},"categories":[9670],"tags":[764,177],"class_list":{"0":"post-36790","1":"post","2":"type-post","3":"status-publish","4":"format-standard","5":"has-post-thumbnail","7":"category-tv","8":"tag-iti","9":"tag-newsweek","10":"cs-entry","11":"cs-video-wrap"},"_links":{"self":[{"href":"https:\/\/mediarun.com\/pl\/wp-json\/wp\/v2\/posts\/36790","targetHints":{"allow":["GET"]}}],"collection":[{"href":"https:\/\/mediarun.com\/pl\/wp-json\/wp\/v2\/posts"}],"about":[{"href":"https:\/\/mediarun.com\/pl\/wp-json\/wp\/v2\/types\/post"}],"author":[{"embeddable":true,"href":"https:\/\/mediarun.com\/pl\/wp-json\/wp\/v2\/users\/1"}],"replies":[{"embeddable":true,"href":"https:\/\/mediarun.com\/pl\/wp-json\/wp\/v2\/comments?post=36790"}],"version-history":[{"count":0,"href":"https:\/\/mediarun.com\/pl\/wp-json\/wp\/v2\/posts\/36790\/revisions"}],"wp:featuredmedia":[{"embeddable":true,"href":"https:\/\/mediarun.com\/pl\/wp-json\/wp\/v2\/media\/36791"}],"wp:attachment":[{"href":"https:\/\/mediarun.com\/pl\/wp-json\/wp\/v2\/media?parent=36790"}],"wp:term":[{"taxonomy":"category","embeddable":true,"href":"https:\/\/mediarun.com\/pl\/wp-json\/wp\/v2\/categories?post=36790"},{"taxonomy":"post_tag","embeddable":true,"href":"https:\/\/mediarun.com\/pl\/wp-json\/wp\/v2\/tags?post=36790"}],"curies":[{"name":"wp","href":"https:\/\/api.w.org\/{rel}","templated":true}]}}