{"id":3631,"date":"2012-11-22T16:26:20","date_gmt":"2012-11-22T15:26:20","guid":{"rendered":"https:\/\/mediarun.com\/index.php\/news-posts\/wieczor-z-thomasem-crownem-w-ale-kino\/"},"modified":"2012-11-22T16:26:20","modified_gmt":"2012-11-22T15:26:20","slug":"wieczor-z-thomasem-crownem-w-ale-kino","status":"publish","type":"post","link":"https:\/\/mediarun.com\/pl\/media\/tv\/wieczor-z-thomasem-crownem-w-ale-kino.html","title":{"rendered":"Wiecz\u00f3r z Thomasem Crownem w ale kino+"},"content":{"rendered":"<p>Posta\u0107 Thomasa Crowna, znudzonego \u017cyciem eleganckiego biznesmena, kt&oacute;ry dla frajdy, a nie dla pieni\u0119dzy decyduje si\u0119 zej\u015b\u0107 na drog\u0119 przest\u0119pstwa, wysz\u0142a spod r\u0119ki scenarzysty &#8211; Alana Trustmana w latach 60. Si\u0142a tego znakomitego scenariusza, sfilmowanego ponownie na prze\u0142omie tysi\u0105clecia, wynika z wielowymiarowego i niejednoznacznego portretu g\u0142&oacute;wnego bohatera oraz emocjonuj\u0105cej intrygi. Opr&oacute;cz kryminalnego suspensu, widzowie \u015bledz\u0105 r&oacute;wnie pasjonuj\u0105c\u0105, zmys\u0142ow\u0105 rozgrywk\u0119 pomi\u0119dzy Crownem, a jego przeciwniczk\u0105 &#8211; pracuj\u0105c\u0105 w firmie ubezpieczeniowej pani\u0105 detektyw do zada\u0144 specjalnych. <br \/>\u015awietnie opowiedziana historia mia\u0142a szcz\u0119\u015bcie do re\u017cyser&oacute;w i obsady, co udowadniaj\u0105 obie filmowe wersje, kt&oacute;re ale kino+ poka\u017ce 10 grudnia w ramach &#8222;Wieczoru z Thomasem Crownem&#8221;<\/p>\n<p>&#8222;Sprawa Thomasa Crowna&#8221; z 1968 roku to dzie\u0142o filmowca Normana Jewisona  (&#8222;Wp\u0142yw Ksi\u0119\u017cyca&#8221;, &#8222;Skrzypek na dachu&#8221;).  G\u0142&oacute;wne role w filmie zagrali &#8211;  Steve&#8217;a McQueena i Faye Dunaway, dzi\u0119ki czemu historia o napadzie na bank zyskuje drugie dno. Staje si\u0119 emocjonuj\u0105c\u0105 intelektualn\u0105 oraz erotyczn\u0105 potyczk\u0105 dwojga filmowych adwersarzy.<\/p>\n<p>Drugie podej\u015bcie do Thomasa Crowna kino zawdzi\u0119cza Johnowi McTiernanowi, autorowi przebojowej &#8222;Szklanej pu\u0142apki&#8221;. Nakr\u0119cony przez niego w 1999 roku remake &#8211; &#8222;Afera Thomasa Crowna&#8221;, napad na bank zast\u0119puje &#8211; bardziej eleganck\u0105 &#8211; kradzie\u017c\u0105 dzie\u0142a sztuki, ale lekko\u015b\u0107, dowcip i dramaturgiczny nerw orygina\u0142u pozostaj\u0105 nienaruszone. Tym razem w uzale\u017cnionego od ryzykownych rozrywek bogacza wcieli\u0142 si\u0119 Pierce Brosnan, opromieniony s\u0142aw\u0105 po wyst\u0119pach w serii o Bondzie. Jego przeciwniczk\u0119 zagra\u0142a by\u0142a modelka i aktorka Rene Russo . Go\u015bcinnie w remake&#8217;u pojawia si\u0119 Faye Dunaway, gwiazda pierwszego &#8222;Crowna&#8221;.<\/p>\n<p>W obu filmach s\u0142ycha\u0107 nagrodzon\u0105 Oskarem,  skomponowan\u0105 przez Michela Legranda, piosenk\u0119 &#8222;Windmills of Your Mind&#8221;, w 1968 roku wykonywan\u0105 przez Noela Harrisona, a w 1999 przez Stinga.<\/p>\n<p>Emisja:<\/p>\n<p>&#8222;Sprawa Thomasa Crowna&#8221; z 1968 r. -poniedzia\u0142ek 10 grudnia, godz. 20.10<br \/>&#8222;Afera Thomasa Crowna&#8221; z 1999 r. &#8211; poniedzia\u0142ek 10 grudnia, godz. 22.10<\/p>\n","protected":false},"excerpt":{"rendered":"Stacja przypomni oryginaln\u0105 &#8222;Spraw\u0119 Thomasa Crowna&#8221; z 1968 roku  oraz remake z Piercem Brosnanem, &#8222;Afera Thomasa Crowna&#8221;. Emisje w poniedzia\u0142ek 10 grudnia, o godz. 20.10 i 22.10","protected":false},"author":1,"featured_media":3632,"comment_status":"open","ping_status":"closed","sticky":false,"template":"","format":"standard","meta":{"csco_display_header_overlay":false,"csco_singular_sidebar":"","csco_page_header_type":"","csco_page_load_nextpost":"","csco_post_video_location":[],"csco_post_video_location_hash":"","csco_post_video_url":"","csco_post_video_bg_start_time":0,"csco_post_video_bg_end_time":0,"footnotes":""},"categories":[9670],"tags":[605],"class_list":{"0":"post-3631","1":"post","2":"type-post","3":"status-publish","4":"format-standard","5":"has-post-thumbnail","7":"category-tv","8":"tag-ale-kino","9":"cs-entry","10":"cs-video-wrap"},"_links":{"self":[{"href":"https:\/\/mediarun.com\/pl\/wp-json\/wp\/v2\/posts\/3631","targetHints":{"allow":["GET"]}}],"collection":[{"href":"https:\/\/mediarun.com\/pl\/wp-json\/wp\/v2\/posts"}],"about":[{"href":"https:\/\/mediarun.com\/pl\/wp-json\/wp\/v2\/types\/post"}],"author":[{"embeddable":true,"href":"https:\/\/mediarun.com\/pl\/wp-json\/wp\/v2\/users\/1"}],"replies":[{"embeddable":true,"href":"https:\/\/mediarun.com\/pl\/wp-json\/wp\/v2\/comments?post=3631"}],"version-history":[{"count":0,"href":"https:\/\/mediarun.com\/pl\/wp-json\/wp\/v2\/posts\/3631\/revisions"}],"wp:featuredmedia":[{"embeddable":true,"href":"https:\/\/mediarun.com\/pl\/wp-json\/wp\/v2\/media\/3632"}],"wp:attachment":[{"href":"https:\/\/mediarun.com\/pl\/wp-json\/wp\/v2\/media?parent=3631"}],"wp:term":[{"taxonomy":"category","embeddable":true,"href":"https:\/\/mediarun.com\/pl\/wp-json\/wp\/v2\/categories?post=3631"},{"taxonomy":"post_tag","embeddable":true,"href":"https:\/\/mediarun.com\/pl\/wp-json\/wp\/v2\/tags?post=3631"}],"curies":[{"name":"wp","href":"https:\/\/api.w.org\/{rel}","templated":true}]}}