{"id":35974,"date":"2009-06-24T16:13:59","date_gmt":"2009-06-24T14:13:59","guid":{"rendered":"https:\/\/mediarun.com\/index.php\/news-posts\/gala-koncertuje-z-radiem-zet\/"},"modified":"2009-06-24T16:13:59","modified_gmt":"2009-06-24T14:13:59","slug":"gala-koncertuje-z-radiem-zet","status":"publish","type":"post","link":"https:\/\/mediarun.com\/pl\/media\/radio\/gala-koncertuje-z-radiem-zet.html","title":{"rendered":"Gala koncertuje z Radiem Zet"},"content":{"rendered":"<p>Przez ca\u0142e lato w ka\u017cdy weekend organizatorzy zaprasza\u0107 b\u0119d\u0105 na wyst\u0119py na \u017cywo znanych artyst&oacute;w. Podczas ka\u017cdego z wydarze\u0144 na terenie wok&oacute;\u0142 sceny znajdzie si\u0119 &#8222;przebojowe miasteczko&#8221; z programem atrakcji i rozrywek dla ca\u0142ej rodziny. <\/p>\n<p>Uczestnicy wydarzenia zobacz\u0105 wyst\u0119py takich gwiazd jak: Blue Cafe, Monika Brodka, FNS, Danzel, Ewelina Flinta, Kombii, Lady Pank, Pectus, Andrzej Piaseczny, Kasia Wilk i \u0141ukasz Zagrobelny. Na smakoszy b\u0119dzie czeka\u0142 &#8222;Wielki kulinarny TIR&#8221; z kulinarnymi przebojami lata. O dobry humor uczestnik&oacute;w zadbaj\u0105 arty\u015bci z kabaret&oacute;w Formacja Chatelet, Neo-N&oacute;wka, OTTO, Paranienormalni oraz Rak.<\/p>\n<p>Imprezy w ramach akcji &#8222;Lato Przeboj&oacute;w Radia Zet i tygodnika Gala&#8221; odb\u0119d\u0105 si\u0119 w: Rewalu (4.07), Ustroniu Morskim (5.07), Szczecinku (11.07), Ko\u0142obrzegu (12.07), Stegnie (18.07), Ostr&oacute;dzie (19.07), Ustce (25.07), W\u0142adys\u0142awowie (26.07), Krynicy Zdroju (1.08), Nowym S\u0105czu (2.08), Karpaczu (8.08), Dusznikach Zdroju (9.08), Sandomierzu (15.08), Piotrkowie Trybunalskim (16.08), Szczytnie (22.08), Gi\u017cycku (23.08), L\u0119borku (29.08) i S\u0142upsku (30.08).<\/p>\n<p>Wydarzenia poprowadz\u0105 prezenterzy Radia Zet &#8211; Rafa\u0142 Bryndal, Marek Starybrat i Jarek Budnik &#8211; oraz Agnieszka Ko\u0142odziejska. Akcj\u0119 na bie\u017c\u0105co relacjonowa\u0107 b\u0119d\u0105 Radio Zet i Gala.<\/p>\n","protected":false},"excerpt":{"rendered":"4 lipca br. w Rewalu rozpocznie si\u0119 wielka muzyczna akcja plenerowa Radia Zet i tygodnika Gala, kt&oacute;ra obejmie 18 polskich miejscowo\u015bci.","protected":false},"author":1,"featured_media":35975,"comment_status":"open","ping_status":"closed","sticky":false,"template":"","format":"standard","meta":{"csco_display_header_overlay":false,"csco_singular_sidebar":"","csco_page_header_type":"","csco_page_load_nextpost":"","csco_post_video_location":[],"csco_post_video_location_hash":"","csco_post_video_url":"","csco_post_video_bg_start_time":0,"csco_post_video_bg_end_time":0,"footnotes":""},"categories":[9672],"tags":[528,504],"class_list":{"0":"post-35974","1":"post","2":"type-post","3":"status-publish","4":"format-standard","5":"has-post-thumbnail","7":"category-radio","8":"tag-gala","9":"tag-radio-zet","10":"cs-entry","11":"cs-video-wrap"},"_links":{"self":[{"href":"https:\/\/mediarun.com\/pl\/wp-json\/wp\/v2\/posts\/35974","targetHints":{"allow":["GET"]}}],"collection":[{"href":"https:\/\/mediarun.com\/pl\/wp-json\/wp\/v2\/posts"}],"about":[{"href":"https:\/\/mediarun.com\/pl\/wp-json\/wp\/v2\/types\/post"}],"author":[{"embeddable":true,"href":"https:\/\/mediarun.com\/pl\/wp-json\/wp\/v2\/users\/1"}],"replies":[{"embeddable":true,"href":"https:\/\/mediarun.com\/pl\/wp-json\/wp\/v2\/comments?post=35974"}],"version-history":[{"count":0,"href":"https:\/\/mediarun.com\/pl\/wp-json\/wp\/v2\/posts\/35974\/revisions"}],"wp:featuredmedia":[{"embeddable":true,"href":"https:\/\/mediarun.com\/pl\/wp-json\/wp\/v2\/media\/35975"}],"wp:attachment":[{"href":"https:\/\/mediarun.com\/pl\/wp-json\/wp\/v2\/media?parent=35974"}],"wp:term":[{"taxonomy":"category","embeddable":true,"href":"https:\/\/mediarun.com\/pl\/wp-json\/wp\/v2\/categories?post=35974"},{"taxonomy":"post_tag","embeddable":true,"href":"https:\/\/mediarun.com\/pl\/wp-json\/wp\/v2\/tags?post=35974"}],"curies":[{"name":"wp","href":"https:\/\/api.w.org\/{rel}","templated":true}]}}