{"id":3579,"date":"2012-11-26T13:46:47","date_gmt":"2012-11-26T12:46:47","guid":{"rendered":"https:\/\/mediarun.com\/index.php\/news-posts\/canal-i-grupa-tvn-rozpoczynaja-wspolprace-w-ramach-tvn-media\/"},"modified":"2012-11-26T13:46:47","modified_gmt":"2012-11-26T12:46:47","slug":"canal-i-grupa-tvn-rozpoczynaja-wspolprace-w-ramach-tvn-media","status":"publish","type":"post","link":"https:\/\/mediarun.com\/pl\/media\/tv\/canal-i-grupa-tvn-rozpoczynaja-wspolprace-w-ramach-tvn-media.html","title":{"rendered":"Canal+ i grupa TVN rozpoczynaj\u0105 wsp\u00f3\u0142prac\u0119 w ramach TVN Media"},"content":{"rendered":"<p>sprzedawa\u0142o czas reklamowy wszystkich autorskich kana\u0142&oacute;w z rodziny Canal+ i kana\u0142&oacute;w tematycznych Canal+ Cyfrowego.<\/p>\n<p>&#8211; Premium TV zaoferowa\u0142o nam najbardziej korzystn\u0105, zdywersyfikowan\u0105, kompleksow\u0105 i innowacyjn\u0105 ofert\u0119. Profesjonalny zesp&oacute;\u0142 mened\u017cer&oacute;w dedykowanych do obs\u0142ugi naszych kana\u0142&oacute;w, doskonale znaj\u0105cych rynek, maj\u0105cych do\u015bwiadczenie zar&oacute;wno w pracy po stronie dom&oacute;w mediowych, jak i samych medi&oacute;w, stanowi gwarancj\u0119 dobrej zespo\u0142owej wsp&oacute;\u0142pracy i efektywnego wykorzystania warto\u015bci naszych marek przy sprzeda\u017cy reklam, ofertach sponsorskich i projektach specjalnych na wymagaj\u0105cym i mocno konkurencyjnym dzi\u015b rynku &#8211; m&oacute;wi Beata Mo\u0144ka, prezes sp&oacute;\u0142ki Canal+ Cyfrowy.<\/p>\n<p>&#8211; Decyzja o wyborze Premium TV jako partnera reprezentuj\u0105cego kana\u0142y Canal+ Cyfrowego na polskim rynku reklamowym to kolejny krok pozwalaj\u0105cy wzmocni\u0107 i rozwin\u0105\u0107 nasz\u0105 ofert\u0119 dla klient&oacute;w i dom&oacute;w mediowych. Dzi\u0119ki silnemu sprofilowaniu stacje Canal+ Cyfrowego wzmocni\u0105 nasze produkty demograficzne &#8211; pakiety kobiece i m\u0119skie. Pozwol\u0105 tak\u017ce na stworzenie najsilniejszej zasi\u0119gowo oferty skierowanej do grup dzieci\u0119cych &#8211; m&oacute;wi Andrzej Karasowski, Szef Premium TV.<\/p>\n<p>Rozmowy w sprawie reprezentacji handlowej kana\u0142&oacute;w Canal+ Cyfrowego by\u0142y prowadzone od sierpnia 2012 roku.<\/p>\n","protected":false},"excerpt":{"rendered":"Canal+ Cyfrowy rozpoczyna wsp&oacute;\u0142prac\u0119 z Premium TV &#8211; projektem TVN Media, oferuj\u0105cym reprezentacj\u0119 handlow\u0105 innym nadawcom. Od stycznia 2013 roku Premium TV b\u0119dzie&#8230;","protected":false},"author":1,"featured_media":3580,"comment_status":"open","ping_status":"closed","sticky":false,"template":"","format":"standard","meta":{"csco_display_header_overlay":false,"csco_singular_sidebar":"","csco_page_header_type":"","csco_page_load_nextpost":"","csco_post_video_location":[],"csco_post_video_location_hash":"","csco_post_video_url":"","csco_post_video_bg_start_time":0,"csco_post_video_bg_end_time":0,"footnotes":""},"categories":[9670],"tags":[518],"class_list":{"0":"post-3579","1":"post","2":"type-post","3":"status-publish","4":"format-standard","5":"has-post-thumbnail","7":"category-tv","8":"tag-canal","9":"cs-entry","10":"cs-video-wrap"},"_links":{"self":[{"href":"https:\/\/mediarun.com\/pl\/wp-json\/wp\/v2\/posts\/3579","targetHints":{"allow":["GET"]}}],"collection":[{"href":"https:\/\/mediarun.com\/pl\/wp-json\/wp\/v2\/posts"}],"about":[{"href":"https:\/\/mediarun.com\/pl\/wp-json\/wp\/v2\/types\/post"}],"author":[{"embeddable":true,"href":"https:\/\/mediarun.com\/pl\/wp-json\/wp\/v2\/users\/1"}],"replies":[{"embeddable":true,"href":"https:\/\/mediarun.com\/pl\/wp-json\/wp\/v2\/comments?post=3579"}],"version-history":[{"count":0,"href":"https:\/\/mediarun.com\/pl\/wp-json\/wp\/v2\/posts\/3579\/revisions"}],"wp:featuredmedia":[{"embeddable":true,"href":"https:\/\/mediarun.com\/pl\/wp-json\/wp\/v2\/media\/3580"}],"wp:attachment":[{"href":"https:\/\/mediarun.com\/pl\/wp-json\/wp\/v2\/media?parent=3579"}],"wp:term":[{"taxonomy":"category","embeddable":true,"href":"https:\/\/mediarun.com\/pl\/wp-json\/wp\/v2\/categories?post=3579"},{"taxonomy":"post_tag","embeddable":true,"href":"https:\/\/mediarun.com\/pl\/wp-json\/wp\/v2\/tags?post=3579"}],"curies":[{"name":"wp","href":"https:\/\/api.w.org\/{rel}","templated":true}]}}