{"id":3567,"date":"2012-11-26T15:25:58","date_gmt":"2012-11-26T14:25:58","guid":{"rendered":"https:\/\/mediarun.com\/index.php\/news-posts\/nowy-program-kulinarno-podrozniczy-w-tvp-hd\/"},"modified":"2012-11-26T15:25:58","modified_gmt":"2012-11-26T14:25:58","slug":"nowy-program-kulinarno-podrozniczy-w-tvp-hd","status":"publish","type":"post","link":"https:\/\/mediarun.com\/pl\/media\/tv\/nowy-program-kulinarno-podrozniczy-w-tvp-hd.html","title":{"rendered":"Nowy program kulinarno &#8211; podr\u00f3\u017cniczy w TVP HD"},"content":{"rendered":"<p>Teo Vafidis z pochodzenia Grek, z zawodu szef kuchni i ekspert kulinarny, z pasji ambasador kultury greckiej i osobowo\u015b\u0107 telewizyjna. Cho\u0107 nie mieszka w Grecji ju\u017c wiele lat, wci\u0105\u017c jest pod ogromnym wp\u0142ywem rodzimej kultury. Dzi\u0119ki wieloletniemu do\u015bwiadczeniu kulinarnemu na sta\u0142e wpisa\u0142 si\u0119 w plejad\u0119 najwa\u017cniejszych autorytet&oacute;w gastronomicznych w Polsce.<\/p>\n<p>Mi\u0142o\u015b\u0107 do kultury greckiej, pasja gotowania, ogromna energia i kreatywno\u015b\u0107 sprawia, \u017ce &#8222;Teo-ria smaku Teo Vafidisa&#8221; to program w kt&oacute;rym opr&oacute;cz gotowania widzowie poznaj\u0105 kultur\u0119 i obyczaje Grecji.<\/p>\n<p>Opr&oacute;cz przyrz\u0105dzania da\u0144, Teo zmierzy si\u0119 z zadaniami niekoniecznie zwi\u0105zanymi z gotowaniem &#8211; b\u0119dzie nurkowa\u0142 na Malcie, p\u0142ywa\u0142 na jachcie, katamaranie i kutrze oraz patrolowa\u0142  razem ze stra\u017c\u0105 morsk\u0105 lini\u0119 brzegow\u0105 wyspy Santorini.<\/p>\n<p>Widzowie poznaj\u0105 przepisy kuchni greckiej, kt&oacute;re nie wymagaj\u0105 wysublimowanej wiedzy kulinarnej. Teo przygotuje dla widz&oacute;w m.in.: risotto z owocami morza, zup\u0119 warzywn\u0105 wed\u0142ug przepisu miejscowych rybak&oacute;w, malta\u0144sk\u0105 zup\u0119 warzywn\u0105, kalmary w winie, ryb\u0119 z grilla z pieczonymi pomidorami i wiele innych. Wszystkie potrawy przygotowane w programie s\u0105 skomponowane ze sk\u0142adnik&oacute;w dost\u0119pnych w Polsce, a przepisy b\u0119d\u0105 dost\u0119pne na stronie: www.teoriasmaku.tvp.pl.<\/p>\n<p>Emisja programu od 29 listopada w ka\u017cdy czwartek o godz. 20.25.<\/p>\n","protected":false},"excerpt":{"rendered":"Od 29 listopada, w ka\u017cdy czwartek o godz. 20.25 TVP HD zaprasza na nowy kulinarno-podr&oacute;\u017cniczy program z udzia\u0142em Teofilosa Vafidisa.&nbsp;","protected":false},"author":1,"featured_media":3568,"comment_status":"open","ping_status":"closed","sticky":false,"template":"","format":"standard","meta":{"csco_display_header_overlay":false,"csco_singular_sidebar":"","csco_page_header_type":"","csco_page_load_nextpost":"","csco_post_video_location":[],"csco_post_video_location_hash":"","csco_post_video_url":"","csco_post_video_bg_start_time":0,"csco_post_video_bg_end_time":0,"footnotes":""},"categories":[9670],"tags":[392],"class_list":{"0":"post-3567","1":"post","2":"type-post","3":"status-publish","4":"format-standard","5":"has-post-thumbnail","7":"category-tv","8":"tag-tvp","9":"cs-entry","10":"cs-video-wrap"},"_links":{"self":[{"href":"https:\/\/mediarun.com\/pl\/wp-json\/wp\/v2\/posts\/3567","targetHints":{"allow":["GET"]}}],"collection":[{"href":"https:\/\/mediarun.com\/pl\/wp-json\/wp\/v2\/posts"}],"about":[{"href":"https:\/\/mediarun.com\/pl\/wp-json\/wp\/v2\/types\/post"}],"author":[{"embeddable":true,"href":"https:\/\/mediarun.com\/pl\/wp-json\/wp\/v2\/users\/1"}],"replies":[{"embeddable":true,"href":"https:\/\/mediarun.com\/pl\/wp-json\/wp\/v2\/comments?post=3567"}],"version-history":[{"count":0,"href":"https:\/\/mediarun.com\/pl\/wp-json\/wp\/v2\/posts\/3567\/revisions"}],"wp:featuredmedia":[{"embeddable":true,"href":"https:\/\/mediarun.com\/pl\/wp-json\/wp\/v2\/media\/3568"}],"wp:attachment":[{"href":"https:\/\/mediarun.com\/pl\/wp-json\/wp\/v2\/media?parent=3567"}],"wp:term":[{"taxonomy":"category","embeddable":true,"href":"https:\/\/mediarun.com\/pl\/wp-json\/wp\/v2\/categories?post=3567"},{"taxonomy":"post_tag","embeddable":true,"href":"https:\/\/mediarun.com\/pl\/wp-json\/wp\/v2\/tags?post=3567"}],"curies":[{"name":"wp","href":"https:\/\/api.w.org\/{rel}","templated":true}]}}