{"id":3563,"date":"2012-11-26T15:37:58","date_gmt":"2012-11-26T14:37:58","guid":{"rendered":"https:\/\/mediarun.com\/index.php\/news-posts\/stalingrad-josepha-vilsmaiera-w-jakosci-hd-1-grudnia-w-ale-kino\/"},"modified":"2012-11-26T15:37:58","modified_gmt":"2012-11-26T14:37:58","slug":"stalingrad-josepha-vilsmaiera-w-jakosci-hd-1-grudnia-w-ale-kino","status":"publish","type":"post","link":"https:\/\/mediarun.com\/pl\/media\/tv\/stalingrad-josepha-vilsmaiera-w-jakosci-hd-1-grudnia-w-ale-kino.html","title":{"rendered":"&#8222;Stalingrad&#8221; Josepha Vilsmaiera w jako\u015bci HD &#8211; 1 grudnia w ale kino+"},"content":{"rendered":"<p>Film, przedstawiaj\u0105cy kluczow\u0105 bitw\u0119 II wojny \u015bwiatowej oczami niemieckich \u017co\u0142nierzy, uwa\u017cany jest z jednym z obraz&oacute;w, kt&oacute;re dokona\u0142y prze\u0142omu w kinematografii o tematyce wojennej. Sta\u0142 si\u0119 te\u017c pocz\u0105tkiem \u015bwiatowej kariery Thomasa Kretschmanna, znanego cho\u0107by z roli niemieckiego oficera w filmie Romana Pola\u0144skiego &#8222;Pianista&#8221;.<\/p>\n<p>Po trudach kampanii w Afryce niemiecki pluton dowodzony przez porucznika Hansa von Witzlanda (Thomas Kretschmann) odpoczywa na W\u0142oskiej Riwierze. Wakacje nie trwaj\u0105 jednak d\u0142ugo i \u017co\u0142nierze zostaj\u0105 ponownie wezwani na front. Udaj\u0105 si\u0119 do Rosji, by stoczy\u0107 b&oacute;j o Stalingrad. Dow&oacute;dcy zapowiadaj\u0105, \u017ce b\u0119dzie to szybka akcja i miasto zostanie podbite w kilka dni. W\u015br&oacute;d powo\u0142anych do walki znajduj\u0105 si\u0119 kapral Fritz Reiser (Dominique Horwitz) i sier\u017cant Manfred Rohleder (Jochen Nickel). Na froncie wschodnim \u017co\u0142nierze zmuszeni s\u0105 stawi\u0107 czo\u0142a nie tylko wojskom przeciwnika, ale te\u017c trudom rosyjskiej zimy. Wbrew pocz\u0105tkowym zapewnieniom, walki si\u0119 przed\u0142u\u017caj\u0105. Straty armii niemieckiej s\u0105 ogromne. Radzieckie wojsko i wyniszczaj\u0105ce mrozy okazuj\u0105 si\u0119 si\u0142\u0105 nie do pokonania.<\/p>\n<p>Imponuj\u0105cy rozmachem film do\u015bwiadczonego niemieckiego re\u017cysera &#8211; Josepha Vilsmaiera, wpisuje si\u0119 w nurt obraz&oacute;w, kt&oacute;re dokona\u0142y prze\u0142omu w kinematografii o tematyce wojennej. Ju\u017c w latach 80. filmowcy starali si\u0119 zmienia\u0107 og&oacute;lnie przyj\u0119ty stosunek do wojny, kt&oacute;ry dokonywa\u0142 definitywnego podzia\u0142u na dobrych i z\u0142ych. Mia\u0142o to szczeg&oacute;lne znaczenie dla niemieckich tw&oacute;rc&oacute;w, kt&oacute;rym przez wiele lat odbiera\u0142o si\u0119 prawo do subiektywnej oceny ich w\u0142asnej historii. W  &#8222;Stalingradzie&#8221; Vilsmaier pokazuje, \u017ce nie wszyscy Niemcy byli nazistami, a \u017co\u0142nierze, niezale\u017cnie od strony, po kt&oacute;rej walczyli, byli przede wszystkim lud\u017ami. Wojna widziana z perspektywy jego bohater&oacute;w, to traumatyczne do\u015bwiadczenie, pe\u0142ne l\u0119ku, b&oacute;lu i niezwykle dramatycznych wybor&oacute;w.<\/p>\n<p>W roli dow&oacute;dcy niemieckiego plutonu wyst\u0105pi\u0142 Thomas Kretschmann. To urodzony w Niemczech Wschodnich aktor, dla kt&oacute;rego wyst\u0119p w &#8222;Stalingradzie&#8221; sta\u0142 si\u0119 przepustk\u0105 do \u015bwiatowej kariery &#8211; dzi\u015b mieszka i pracuje w Hollywood.<\/p>\n<p>Premiera: sobota 01 grudnia, godz. 20.10<\/p>\n","protected":false},"excerpt":{"rendered":"W sobot\u0119 1 grudnia o godz. 20.10 ale kino+ zaprasza na jeden z najwybitniejszych film&oacute;w wojennych &#8211; &#8222;Stalingrad&#8221; Josepha Vilsmaiera, &nbsp;w jako\u015bci HD.&nbsp;","protected":false},"author":1,"featured_media":3564,"comment_status":"open","ping_status":"closed","sticky":false,"template":"","format":"standard","meta":{"csco_display_header_overlay":false,"csco_singular_sidebar":"","csco_page_header_type":"","csco_page_load_nextpost":"","csco_post_video_location":[],"csco_post_video_location_hash":"","csco_post_video_url":"","csco_post_video_bg_start_time":0,"csco_post_video_bg_end_time":0,"footnotes":""},"categories":[9670],"tags":[605],"class_list":{"0":"post-3563","1":"post","2":"type-post","3":"status-publish","4":"format-standard","5":"has-post-thumbnail","7":"category-tv","8":"tag-ale-kino","9":"cs-entry","10":"cs-video-wrap"},"_links":{"self":[{"href":"https:\/\/mediarun.com\/pl\/wp-json\/wp\/v2\/posts\/3563","targetHints":{"allow":["GET"]}}],"collection":[{"href":"https:\/\/mediarun.com\/pl\/wp-json\/wp\/v2\/posts"}],"about":[{"href":"https:\/\/mediarun.com\/pl\/wp-json\/wp\/v2\/types\/post"}],"author":[{"embeddable":true,"href":"https:\/\/mediarun.com\/pl\/wp-json\/wp\/v2\/users\/1"}],"replies":[{"embeddable":true,"href":"https:\/\/mediarun.com\/pl\/wp-json\/wp\/v2\/comments?post=3563"}],"version-history":[{"count":0,"href":"https:\/\/mediarun.com\/pl\/wp-json\/wp\/v2\/posts\/3563\/revisions"}],"wp:featuredmedia":[{"embeddable":true,"href":"https:\/\/mediarun.com\/pl\/wp-json\/wp\/v2\/media\/3564"}],"wp:attachment":[{"href":"https:\/\/mediarun.com\/pl\/wp-json\/wp\/v2\/media?parent=3563"}],"wp:term":[{"taxonomy":"category","embeddable":true,"href":"https:\/\/mediarun.com\/pl\/wp-json\/wp\/v2\/categories?post=3563"},{"taxonomy":"post_tag","embeddable":true,"href":"https:\/\/mediarun.com\/pl\/wp-json\/wp\/v2\/tags?post=3563"}],"curies":[{"name":"wp","href":"https:\/\/api.w.org\/{rel}","templated":true}]}}