{"id":3555,"date":"2012-11-26T22:41:53","date_gmt":"2012-11-26T21:41:53","guid":{"rendered":"https:\/\/mediarun.com\/index.php\/news-posts\/apella-promuje-dwutygodnik-w-sieci\/"},"modified":"2012-11-26T22:41:53","modified_gmt":"2012-11-26T21:41:53","slug":"apella-promuje-dwutygodnik-w-sieci","status":"publish","type":"post","link":"https:\/\/mediarun.com\/pl\/marketing\/atl\/apella-promuje-dwutygodnik-w-sieci.html","title":{"rendered":"Apella promuje dwutygodnik W sieci"},"content":{"rendered":"<p>W kampanii wzi\u0105\u0142 udzia\u0142 redaktor naczelny W sieci &#8211; Jacek Karnowski oraz grono dziennikarzy: Jerzy Jachowicz, Dorota \u0141osiewicz, Marek Pyza i Marzena Nykiel.<\/p>\n<p>Osoby zaanga\u017cowane w kampani\u0119 wyst\u0119puj\u0105 w charakterze wi\u0119\u017ani&oacute;w i deklaruj\u0105 niezale\u017cne podej\u015bcie do pracy dziennikarza. Mottem przewodnim dwutygodnika jest has\u0142o &#8222;Odwa\u017c si\u0119!&#8221;.<\/p>\n<p>Kampani\u0119 nowego tytu\u0142u rozpocz\u0119\u0142o dwa tysi\u0105ce rozwieszonych w najwi\u0119kszych miastach Polski plakat&oacute;w. 1 grudnia wzbogaci j\u0105 te\u017c kilkaset citylight&oacute;w.<\/p>\n<p>Na potrzeby akcji promocyjnej powsta\u0142 spot telewizyjny, kt&oacute;ry emitowany b\u0119dzie m.in. na antenie TVP1, TVP2, TVP Kultura, TVP Sport, Polsat oraz spot radiowy, emitowany na antenie Radia Zet, Programu Pierwszego Polskiego Radia, Radiowej Tr&oacute;jki oraz Tok FM.<\/p>\n<p>Wraz z kampani\u0105 radiowo-telewizyjn\u0105 rozpocz\u0119\u0142a si\u0119 kampania prasowa w dziennikach i tygodnikach og&oacute;lnopolskich. Ca\u0142o\u015b\u0107 wspiera promocja w ponad 1500 punktach sprzeda\u017cy oraz przekaz w najwi\u0119kszej w Polsce sieci ponad 500 monitor&oacute;w LCD Kasy Stefczyka oraz na monitorach sieci Leclerc.<\/p>\n<p>R&oacute;wnolegle prowadzone s\u0105 dzia\u0142ania na profilu facebookowym <a href=\"https:\/\/www.facebook.com\/gazetawsieci\" target=\"_blank\" rel=\"noopener\">www.facebook.com\/gazetawsieci<\/a>. Wkr&oacute;tce ruszy dedykowana aplikacja na tym profilu, gdzie b\u0119dzie mo\u017cna zaprojektowa\u0107 &#8211;  nawi\u0105zuj\u0105ce do stylu dwutygodnika &#8211; koszulki z osobistymi opiniami.<\/p>\n","protected":false},"excerpt":{"rendered":"26 listopada zadebiutowa\u0142 dwutygodnik W sieci. Za promocj\u0119 nowego tytu\u0142u odpowiada agencja Apella.","protected":false},"author":1,"featured_media":3556,"comment_status":"open","ping_status":"closed","sticky":false,"template":"","format":"standard","meta":{"csco_display_header_overlay":false,"csco_singular_sidebar":"","csco_page_header_type":"","csco_page_load_nextpost":"","csco_post_video_location":[],"csco_post_video_location_hash":"","csco_post_video_url":"","csco_post_video_bg_start_time":0,"csco_post_video_bg_end_time":0,"footnotes":""},"categories":[9642],"tags":[776,777],"class_list":{"0":"post-3555","1":"post","2":"type-post","3":"status-publish","4":"format-standard","5":"has-post-thumbnail","7":"category-atl","8":"tag-apella","9":"tag-w-sieci","10":"cs-entry","11":"cs-video-wrap"},"_links":{"self":[{"href":"https:\/\/mediarun.com\/pl\/wp-json\/wp\/v2\/posts\/3555","targetHints":{"allow":["GET"]}}],"collection":[{"href":"https:\/\/mediarun.com\/pl\/wp-json\/wp\/v2\/posts"}],"about":[{"href":"https:\/\/mediarun.com\/pl\/wp-json\/wp\/v2\/types\/post"}],"author":[{"embeddable":true,"href":"https:\/\/mediarun.com\/pl\/wp-json\/wp\/v2\/users\/1"}],"replies":[{"embeddable":true,"href":"https:\/\/mediarun.com\/pl\/wp-json\/wp\/v2\/comments?post=3555"}],"version-history":[{"count":0,"href":"https:\/\/mediarun.com\/pl\/wp-json\/wp\/v2\/posts\/3555\/revisions"}],"wp:featuredmedia":[{"embeddable":true,"href":"https:\/\/mediarun.com\/pl\/wp-json\/wp\/v2\/media\/3556"}],"wp:attachment":[{"href":"https:\/\/mediarun.com\/pl\/wp-json\/wp\/v2\/media?parent=3555"}],"wp:term":[{"taxonomy":"category","embeddable":true,"href":"https:\/\/mediarun.com\/pl\/wp-json\/wp\/v2\/categories?post=3555"},{"taxonomy":"post_tag","embeddable":true,"href":"https:\/\/mediarun.com\/pl\/wp-json\/wp\/v2\/tags?post=3555"}],"curies":[{"name":"wp","href":"https:\/\/api.w.org\/{rel}","templated":true}]}}