{"id":35494,"date":"2009-07-10T10:51:53","date_gmt":"2009-07-10T08:51:53","guid":{"rendered":"https:\/\/mediarun.com\/index.php\/news-posts\/decyzja-w-sprawie-ustawy-wkrotce\/"},"modified":"2009-07-10T10:51:53","modified_gmt":"2009-07-10T08:51:53","slug":"decyzja-w-sprawie-ustawy-wkrotce","status":"publish","type":"post","link":"https:\/\/mediarun.com\/pl\/media\/prasa\/decyzja-w-sprawie-ustawy-wkrotce.html","title":{"rendered":"Decyzja w sprawie ustawy &#8211; wkr\u00f3tce"},"content":{"rendered":"<p>Piotr Kownacki.<\/p>\n<p>&#8211; W poniedzia\u0142ek najbli\u017cszy b\u0119dzie spotkanie pana prezydenta z ekspertami, kolejny taki okr\u0105g\u0142y st&oacute;\u0142 medialny i pod koniec tygodnia decyzja &#8211; powiedzia\u0142 Kownacki w TVN24.<\/p>\n<p>Wed\u0142ug prezydenckiego ministra, na razie &#8222;trudno powiedzie\u0107&#8221;, jaka b\u0119dzie decyzja Lecha Kaczy\u0144skiego w sprawie ustawy medialnej. Jak m&oacute;wi\u0142 &#8222;najmniej prawdopodobn\u0105&#8221; opcj\u0105 jest podpisanie ustawy.<\/p>\n<p>Prezydent ma czas do 17 lipca, aby t\u0119 ustaw\u0119 podpisa\u0107, zawetowa\u0107 b\u0105d\u017a skierowa\u0107 do Trybuna\u0142u Konstytucyjnego. Wed\u0142ug dotychczasowych wypowiedzi przedstawicieli Kancelarii Prezydenta, Lech Kaczy\u0144ski waha si\u0119 mi\u0119dzy dwiema ostatnimi opcjami.<\/p>\n<p>Prezydencki minister Andrzej Duda powiedzia\u0142 w tym tygodniu, \u017ce wszystkie opinie przedstawione do tej pory prezydentowi zgodnie potwierdzaj\u0105, \u017ce jest to ustawa &#8222;fatalna, prowadz\u0105ca de facto do upadku medi&oacute;w publicznych&#8221;.<\/p>\n<p>Przyj\u0119ta pod koniec czerwca nowa ustawa medialna zmienia m.in. system finansowania medi&oacute;w publicznych. Nie okre\u015bla, ile pieni\u0119dzy media publiczne b\u0119d\u0105 dostawa\u0142y z bud\u017cetu pa\u0144stwa w zamian za zlikwidowany abonament. KRRiT mo\u017ce zaproponowa\u0107 w projekcie bud\u017cetu dowoln\u0105 kwot\u0119 dla medi&oacute;w publicznych; ostateczn\u0105 decyzj\u0119 podejmowa\u0107 ma parlament, uchwalaj\u0105c ustaw\u0119 bud\u017cetow\u0105. Parlament zgodzi\u0142 si\u0119 te\u017c na zobowi\u0105zanie medi&oacute;w do wspierania warto\u015bci chrze\u015bcija\u0144skich.<\/p>\n<p>Wi\u0119cej na <a href=\"http:\/\/http:\/\/www.rzeczpospolita.pl\/\">http:\/\/www.rzeczpospolita.pl\/<\/a><\/p>\n","protected":false},"excerpt":{"rendered":"Prezydent podejmie decyzj\u0119 w sprawie nowej ustawy medialnej pod koniec przysz\u0142ego tygodnia &#8211; poinformowa\u0142 szef prezydenckiej kancelarii&#8230;","protected":false},"author":1,"featured_media":35495,"comment_status":"open","ping_status":"closed","sticky":false,"template":"","format":"standard","meta":{"csco_display_header_overlay":false,"csco_singular_sidebar":"","csco_page_header_type":"","csco_page_load_nextpost":"","csco_post_video_location":[],"csco_post_video_location_hash":"","csco_post_video_url":"","csco_post_video_bg_start_time":0,"csco_post_video_bg_end_time":0,"footnotes":""},"categories":[9673],"tags":[405,392],"class_list":{"0":"post-35494","1":"post","2":"type-post","3":"status-publish","4":"format-standard","5":"has-post-thumbnail","7":"category-prasa","8":"tag-polskie-radio","9":"tag-tvp","10":"cs-entry","11":"cs-video-wrap"},"_links":{"self":[{"href":"https:\/\/mediarun.com\/pl\/wp-json\/wp\/v2\/posts\/35494","targetHints":{"allow":["GET"]}}],"collection":[{"href":"https:\/\/mediarun.com\/pl\/wp-json\/wp\/v2\/posts"}],"about":[{"href":"https:\/\/mediarun.com\/pl\/wp-json\/wp\/v2\/types\/post"}],"author":[{"embeddable":true,"href":"https:\/\/mediarun.com\/pl\/wp-json\/wp\/v2\/users\/1"}],"replies":[{"embeddable":true,"href":"https:\/\/mediarun.com\/pl\/wp-json\/wp\/v2\/comments?post=35494"}],"version-history":[{"count":0,"href":"https:\/\/mediarun.com\/pl\/wp-json\/wp\/v2\/posts\/35494\/revisions"}],"wp:featuredmedia":[{"embeddable":true,"href":"https:\/\/mediarun.com\/pl\/wp-json\/wp\/v2\/media\/35495"}],"wp:attachment":[{"href":"https:\/\/mediarun.com\/pl\/wp-json\/wp\/v2\/media?parent=35494"}],"wp:term":[{"taxonomy":"category","embeddable":true,"href":"https:\/\/mediarun.com\/pl\/wp-json\/wp\/v2\/categories?post=35494"},{"taxonomy":"post_tag","embeddable":true,"href":"https:\/\/mediarun.com\/pl\/wp-json\/wp\/v2\/tags?post=35494"}],"curies":[{"name":"wp","href":"https:\/\/api.w.org\/{rel}","templated":true}]}}