{"id":35454,"date":"2009-07-13T10:13:44","date_gmt":"2009-07-13T08:13:44","guid":{"rendered":"https:\/\/mediarun.com\/index.php\/news-posts\/zielinski-odchodzi-z-mather-i-soho\/"},"modified":"2009-07-13T10:13:44","modified_gmt":"2009-07-13T08:13:44","slug":"zielinski-odchodzi-z-mather-i-soho","status":"publish","type":"post","link":"https:\/\/mediarun.com\/pl\/ludzie\/awanse\/zielinski-odchodzi-z-mather-i-soho.html","title":{"rendered":"Zieli\u0144ski odchodzi z Mather i Soho"},"content":{"rendered":"<p>Wraz z Zieli\u0144skim odchodzi senior art director Katarzyna Nowacka.<\/p>\n<p>Zieli\u0144ski i Nowacka nie ujawniaj\u0105 plan&oacute;w zawodowych, ani powod&oacute;w odej\u015bcia.<\/p>\n<p>Z pocz\u0105tkiem sierpnia Zieli\u0144skiego zast\u0105pi Pawe\u0142 Merecz, kt&oacute;ry przechodzi z Ogilvy Action. Przez ostatnie dwa lata zarz\u0105dza\u0142 dzia\u0142em kreacji tej agencji.&nbsp;<\/p>\n","protected":false},"excerpt":{"rendered":"Z ko\u0144cem lipca Tomasz Zieli\u0144ski, dyrektor kreatywny  Mather Communications i SoHo Square, odchodzi z agencji.","protected":false},"author":1,"featured_media":35455,"comment_status":"open","ping_status":"closed","sticky":false,"template":"","format":"standard","meta":{"csco_display_header_overlay":false,"csco_singular_sidebar":"","csco_page_header_type":"","csco_page_load_nextpost":"","csco_post_video_location":[],"csco_post_video_location_hash":"","csco_post_video_url":"","csco_post_video_bg_start_time":0,"csco_post_video_bg_end_time":0,"footnotes":""},"categories":[9678],"tags":[2526],"class_list":{"0":"post-35454","1":"post","2":"type-post","3":"status-publish","4":"format-standard","5":"has-post-thumbnail","7":"category-awanse","8":"tag-soho","9":"cs-entry","10":"cs-video-wrap"},"_links":{"self":[{"href":"https:\/\/mediarun.com\/pl\/wp-json\/wp\/v2\/posts\/35454","targetHints":{"allow":["GET"]}}],"collection":[{"href":"https:\/\/mediarun.com\/pl\/wp-json\/wp\/v2\/posts"}],"about":[{"href":"https:\/\/mediarun.com\/pl\/wp-json\/wp\/v2\/types\/post"}],"author":[{"embeddable":true,"href":"https:\/\/mediarun.com\/pl\/wp-json\/wp\/v2\/users\/1"}],"replies":[{"embeddable":true,"href":"https:\/\/mediarun.com\/pl\/wp-json\/wp\/v2\/comments?post=35454"}],"version-history":[{"count":0,"href":"https:\/\/mediarun.com\/pl\/wp-json\/wp\/v2\/posts\/35454\/revisions"}],"wp:featuredmedia":[{"embeddable":true,"href":"https:\/\/mediarun.com\/pl\/wp-json\/wp\/v2\/media\/35455"}],"wp:attachment":[{"href":"https:\/\/mediarun.com\/pl\/wp-json\/wp\/v2\/media?parent=35454"}],"wp:term":[{"taxonomy":"category","embeddable":true,"href":"https:\/\/mediarun.com\/pl\/wp-json\/wp\/v2\/categories?post=35454"},{"taxonomy":"post_tag","embeddable":true,"href":"https:\/\/mediarun.com\/pl\/wp-json\/wp\/v2\/tags?post=35454"}],"curies":[{"name":"wp","href":"https:\/\/api.w.org\/{rel}","templated":true}]}}