{"id":35416,"date":"2009-07-13T17:49:42","date_gmt":"2009-07-13T15:49:42","guid":{"rendered":"https:\/\/mediarun.com\/index.php\/news-posts\/farfal-nadal-p-o-prezesa\/"},"modified":"2009-07-13T17:49:42","modified_gmt":"2009-07-13T15:49:42","slug":"farfal-nadal-p-o-prezesa","status":"publish","type":"post","link":"https:\/\/mediarun.com\/pl\/media\/tv\/farfal-nadal-p-o-prezesa.html","title":{"rendered":"Farfa\u0142 nadal p.o. prezesa"},"content":{"rendered":"<p>Z KRS wykre\u015blono za\u015b &#8211; na wniosek p.o. prezesa TVP Piotra Farfa\u0142a &#8211; cz\u0142onk&oacute;w rady nadzorczej TVP oraz odwo\u0142anego prokurenta sp&oacute;\u0142ki Paw\u0142a Palucha. O takich nieprawomocnych decyzjach KRS poinformowa\u0142 s\u0119dzia Wojciech Ma\u0142ek, rzecznik S\u0105du Okr\u0119gowego w Warszawie.<\/p>\n<p><strong>Siwek: zdumiewaj\u0105ca decyzja<\/strong><\/p>\n<p>&#8211; Gratuluj\u0119 PO i LPR skutecznego sojuszu &#8211; powiedzia\u0142 PAP S\u0142awomir Siwek, zawieszony cz\u0142onek zarz\u0105du TVP, w reakcji na decyzj\u0119 s\u0105du rejestrowego.<\/p>\n<p>Siwek zapowiada, \u017ce chce poczeka\u0107 na uzasadnienie decyzji s\u0105du, ale &#8211; jak zapowiada &#8211; zapewne z\u0142o\u017cy od niej odwo\u0142anie. &#8222;Bo to jest decyzja zdumiewaj\u0105ca, nie tylko mnie, ale te\u017c prawnik&oacute;w. Jest to te\u017c bardzo niedobra decyzja dla sp&oacute;\u0142ki&#8221; &#8211; powiedzia\u0142 Siwek.<\/p>\n<p>&#8211; Jak wielokrotnie podkre\u015bla\u0142em, nie zamierzam podejmowa\u0107 pochopnych decyzji. Jestem zawieszony i ze spokojem czekam na rozw&oacute;j sytuacji. Teraz Krajowa Rada Radiofonii i Telewizji musi wybra\u0107 now\u0105 rad\u0119 nadzorcz\u0105 i to ta nowa rada zdecyduje o sk\u0142adzie zarz\u0105du TVP, tzn. ponowi lub nie uchwa\u0142y poprzedniej rady nadzorczej &#8211; podkre\u015bli\u0142 Siwek.<\/p>\n<p>&#8211; Z pokor\u0105 przyjmuj\u0119 decyzj\u0119 s\u0105du &#8211; powiedzia\u0142 p.o. prezesa TVP Piotr Farfa\u0142 po decyzji s\u0105du. Odm&oacute;wi\u0142 dalszych komentarzy podkre\u015blaj\u0105c, \u017ce &#8222;orzecze\u0144 s\u0105du nie komentuje z zasady&#8221;.<\/p>\n<p><strong>Szef KRRiT zaskoczony<\/strong><\/p>\n<p>W tym tygodniu Krajowa Rada Radiofonii i Telewizji podejmie pr&oacute;b\u0119 wyboru nowej rady nadzorczej TVP &#8211; zapowiedzia\u0142 szef KRRiT Witold Ko\u0142odziejski. Podkre\u015bli\u0142, \u017ce decyzja s\u0105du rejestrowego jest &#8222;mocno zaskakuj\u0105ca&#8221;.<\/p>\n<p>&#8211; Dzi\u015b po p&oacute;\u0142 roku nie wiem czy zmieni\u0142o si\u0119 prawo, czy te\u017c tylko zmieni\u0142y si\u0119 strony sporu. Tak naprawd\u0119 mo\u017cna to jedynie skomentowa\u0107 cytatem z &#8222;Samych swoich&#8221;: &#8211; &#8222;s\u0105d s\u0105dem, a sprawiedliwo\u015b\u0107 musi by\u0107 po naszej stronie&#8221; &#8211; powiedzia\u0142 Ko\u0142odziejski.<\/p>\n<p><strong>Niesio\u0142owski: koniec skoku PiS na media<\/strong><\/p>\n<p>Wicemarsza\u0142ek Sejmu Stefan Niesio\u0142owski (PO) uwa\u017ca, \u017ce decyzja s\u0105du rejestrowego w sprawie w\u0142adz TVP, to &#8222;przekre\u015blenie pr&oacute;by zaw\u0142aszczenia przez PiS telewizji publicznej&#8221;.<\/p>\n<p>&#8211; Ciesz\u0119 si\u0119 z tej decyzji s\u0105du. To ostateczne przekre\u015blenie PiS-owskiego zamachu, dziwacznego skoku PiS i Samoobrony na kas\u0119 medi&oacute;w publicznych. Ten skok na szcz\u0119\u015bcie si\u0119 nie uda\u0142 &#8211; powiedzia\u0142 Niesio\u0142owski.<\/p>\n<p><strong>10 dni sporu<\/strong><\/p>\n<p>Od 3 lipca trwa sp&oacute;r, kto b\u0119dzie p.o. prezesem TVP: dotychczas pe\u0142ni\u0105cy t\u0119 funkcj\u0119 Farfa\u0142, czy zawieszony od grudnia cz\u0142onek zarz\u0105du Siwek. Tego dnia cz\u0119\u015b\u0107 rady nadzorczej TVP obradowa\u0142a mimo zamkni\u0119cia przez ministra skarbu Walnego Zgromadzenia Akcjonariuszy TVP, kt&oacute;re ko\u0144czy\u0142o trzyletni\u0105 kadencj\u0119 rady.<\/p>\n<p>Pi\u0119ciu cz\u0142onk&oacute;w rady uzna\u0142o jednak, \u017ce ich kadencja nie zako\u0144czy\u0142a si\u0119 w momencie z\u0142o\u017cenia przez ministra podpisu pod uchwa\u0142\u0105 zamykaj\u0105c\u0105 WZA, ale z ko\u0144cem dnia, w kt&oacute;rym mia\u0142o to miejsce &#8211; do p&oacute;\u0142nocy mogli wi\u0119c oni podejmowa\u0107 uchwa\u0142y. W efekcie przeg\u0142osowali m.in. zawieszenie p.o. prezesa TVP Farfa\u0142a, przywr&oacute;cenie dw&oacute;ch zawieszonych od grudnia cz\u0142onk&oacute;w zarz\u0105du: Marcina Bochenka i Siwka oraz powierzenie temu ostatniemu p.o. prezesury w TVP.<\/p>\n<p>&#8211; S\u0105d doszed\u0142 do wniosku, \u017ce uchwa\u0142y z 3 lipca nale\u017cy uzna\u0107 za nieistniej\u0105ce, bo kadencja rady zako\u0144czy\u0142a si\u0119 z chwil\u0105 zamkni\u0119cia WZA przez ministra, a nie o godz. 24.00 &#8211; doda\u0142 Ma\u0142ek.<\/p>\n<p>Wi\u0119cej na <a href=\"http:\/\/http:\/\/www.rzeczpospolita.pl\/\">http:\/\/www.rzeczpospolita.pl\/<\/a><\/p>\n","protected":false},"excerpt":{"rendered":"Krajowy Rejestr S\u0105dowy zdecydowa\u0142, \u017ce Piotr Farfa\u0142 zostaje na stanowisku pe\u0142ni\u0105cego obowi\u0105zki prezesa TVP.","protected":false},"author":1,"featured_media":35417,"comment_status":"open","ping_status":"closed","sticky":false,"template":"","format":"standard","meta":{"csco_display_header_overlay":false,"csco_singular_sidebar":"","csco_page_header_type":"","csco_page_load_nextpost":"","csco_post_video_location":[],"csco_post_video_location_hash":"","csco_post_video_url":"","csco_post_video_bg_start_time":0,"csco_post_video_bg_end_time":0,"footnotes":""},"categories":[9670],"tags":[392],"class_list":{"0":"post-35416","1":"post","2":"type-post","3":"status-publish","4":"format-standard","5":"has-post-thumbnail","7":"category-tv","8":"tag-tvp","9":"cs-entry","10":"cs-video-wrap"},"_links":{"self":[{"href":"https:\/\/mediarun.com\/pl\/wp-json\/wp\/v2\/posts\/35416","targetHints":{"allow":["GET"]}}],"collection":[{"href":"https:\/\/mediarun.com\/pl\/wp-json\/wp\/v2\/posts"}],"about":[{"href":"https:\/\/mediarun.com\/pl\/wp-json\/wp\/v2\/types\/post"}],"author":[{"embeddable":true,"href":"https:\/\/mediarun.com\/pl\/wp-json\/wp\/v2\/users\/1"}],"replies":[{"embeddable":true,"href":"https:\/\/mediarun.com\/pl\/wp-json\/wp\/v2\/comments?post=35416"}],"version-history":[{"count":0,"href":"https:\/\/mediarun.com\/pl\/wp-json\/wp\/v2\/posts\/35416\/revisions"}],"wp:featuredmedia":[{"embeddable":true,"href":"https:\/\/mediarun.com\/pl\/wp-json\/wp\/v2\/media\/35417"}],"wp:attachment":[{"href":"https:\/\/mediarun.com\/pl\/wp-json\/wp\/v2\/media?parent=35416"}],"wp:term":[{"taxonomy":"category","embeddable":true,"href":"https:\/\/mediarun.com\/pl\/wp-json\/wp\/v2\/categories?post=35416"},{"taxonomy":"post_tag","embeddable":true,"href":"https:\/\/mediarun.com\/pl\/wp-json\/wp\/v2\/tags?post=35416"}],"curies":[{"name":"wp","href":"https:\/\/api.w.org\/{rel}","templated":true}]}}