{"id":35410,"date":"2009-07-14T09:53:39","date_gmt":"2009-07-14T07:53:39","guid":{"rendered":"https:\/\/mediarun.com\/index.php\/news-posts\/farfal-nadal-rzadzi-w-tvp\/"},"modified":"2009-07-14T09:53:39","modified_gmt":"2009-07-14T07:53:39","slug":"farfal-nadal-rzadzi-w-tvp","status":"publish","type":"post","link":"https:\/\/mediarun.com\/pl\/media\/tv\/farfal-nadal-rzadzi-w-tvp.html","title":{"rendered":"Farfa\u0142 nadal rz\u0105dzi w TVP"},"content":{"rendered":"<p>Piotr Farfa\u0142 pozostaje szefem TVP. Wczoraj s\u0105d rejestrowy odm&oacute;wi\u0142 wpisania S\u0142awomira Siwka jako p.o. prezesa telewizji. A z KRS wykre\u015blono na wniosek Farfa\u0142a cz\u0142onk&oacute;w rady nadzorczej TVP. Na razie decyzje s\u0105 nieprawomocne. Siwek ju\u017c zapowiedzia\u0142 odwo\u0142anie.<\/p>\n<p>&#8211; Z pokor\u0105 przyjmuj\u0119 decyzj\u0119 s\u0105du &#8211; skomentowa\u0142 postanowienie KRS prezes Farfa\u0142.<\/p>\n<p>&#8211; Gratuluj\u0119 Platformie i LPR skutecznego sojuszu &#8211; powiedzia\u0142 z kolei zawieszony wiceprezes TVP Siwek.<\/p>\n<p>G\u0142os zabrali tak\u017ce politycy. &#8211; To ostateczne przekre\u015blenie PiS-owskiego zamachu, dziwacznego skoku PiS i Samoobrony na kas\u0119 medi&oacute;w publicznych. Ten skok na szcz\u0119\u015bcie si\u0119 nie uda\u0142 &#8211; stwierdzi\u0142 wicemarsza\u0142ek sejmu Stefan Niesio\u0142owski.<\/p>\n<p>&#8211; Minister skutecznie obroni\u0142 stanowisko dla pana prezesa Farfa\u0142a, a wi\u0119c koalicja PO z LPR jest faktem &#8211; oceni\u0142 Mariusz B\u0142aszczak, rzecznik PiS.<\/p>\n<p>Decyzja s\u0105du ko\u0144czy sp&oacute;r o w\u0142adz\u0119 w TVP trwaj\u0105cy od 3 lipca. Wtedy cz\u0119\u015b\u0107 cz\u0142onk&oacute;w rady nadzorczej zawiesi\u0142a Farfa\u0142a, a na jego miejsce powo\u0142a\u0142a Siwka. Jednak na kilkadziesi\u0105t minut przed planowanym posiedzeniem rady minister skarbu zamkn\u0105\u0142 walne zgromadzenie akcjonariuszy TVP, co zako\u0144czy\u0142o kadencj\u0119 rady. Ale pi\u0119ciu jej cz\u0142onk&oacute;w uzna\u0142o, \u017ce ich mandaty wygasaj\u0105 dopiero o p&oacute;\u0142nocy tego dnia. Podobnie uwa\u017ca\u0142 przewodnicz\u0105cy KRRiT Witold Ko\u0142odziejski.<\/p>\n<p>S\u0105d by\u0142 jednak innego zdania. Stwierdzi\u0142, \u017ce uchwa\u0142y z 3 lipca nale\u017cy uzna\u0107 za nieistniej\u0105ce. Bo kadencja rady wygas\u0142a w momencie zamkni\u0119cia WZA. W\u0142a\u015bnie z powodu braku rady i zamieszania wok&oacute;\u0142 stanowiska prezesa TVP minister skarbu tydzie\u0144 temu wyst\u0105pi\u0142 do s\u0105du o wyznaczenie kuratora dla TVP. Dzi\u015b podtrzymuje ten wniosek. &#8211; W sp&oacute;\u0142ce w dalszym ci\u0105gu nie ma rady nadzorczej &#8211; t\u0142umaczy Maciej Wewi&oacute;r, rzecznik ministerstwa.<\/p>\n<p>Decyzja s\u0105du uspokoi\u0142a sytuacj\u0119 w TVP, ale tylko na chwil\u0119. Teraz wszystko w r\u0119kach KRRiT, kt&oacute;ra ma powo\u0142a\u0107 now\u0105 rad\u0119. Umo\u017cliwi to porozumienie cz\u0142onk&oacute;w Krajowej Rady kojarzonych z PiS z Tomaszem Borysiukiem (dawniej kojarzony z Samoobron\u0105, obecnie z Lewic\u0105). KRRiT ju\u017c w tym tygodniu spr&oacute;buje wybra\u0107 now\u0105 rad\u0119. Ostatnie jej obrady przerwano, by poczeka\u0107 na decyzj\u0119 KRS.<\/p>\n<p>KRRiT mo\u017ce powo\u0142a\u0107 od pi\u0119ciu do o\u015bmiu cz\u0142onk&oacute;w rady nadzorczej. Jednego desygnuje minister skarbu. Ostatnio zapowiedzia\u0142 nowe konsultacje w sprawie swojego kandydata ze \u015brodowiskami tw&oacute;rczymi. Oznacza to, \u017ce nie zamierza spieszy\u0107 si\u0119 z t\u0105 nominacj\u0105. Ale zdaniem szefa KRRiT rada nadzorcza TVP mo\u017ce dzia\u0142a\u0107 tak\u017ce bez przedstawiciela ministerstwa. Tak ju\u017c by\u0142o podczas jej ostatniej kadencji.<\/p>\n<p>Wi\u0119cej na <a href=\"http:\/\/http:\/\/www.rzeczpospolita.pl\/\">http:\/\/www.rzeczpospolita.pl\/<\/a><\/p>\n","protected":false},"excerpt":{"rendered":"S\u0105d odm&oacute;wi\u0142 wpisania S\u0142awomira Siwka jako p.o. prezesa telewizji.","protected":false},"author":1,"featured_media":35411,"comment_status":"open","ping_status":"closed","sticky":false,"template":"","format":"standard","meta":{"csco_display_header_overlay":false,"csco_singular_sidebar":"","csco_page_header_type":"","csco_page_load_nextpost":"","csco_post_video_location":[],"csco_post_video_location_hash":"","csco_post_video_url":"","csco_post_video_bg_start_time":0,"csco_post_video_bg_end_time":0,"footnotes":""},"categories":[9670],"tags":[392],"class_list":{"0":"post-35410","1":"post","2":"type-post","3":"status-publish","4":"format-standard","5":"has-post-thumbnail","7":"category-tv","8":"tag-tvp","9":"cs-entry","10":"cs-video-wrap"},"_links":{"self":[{"href":"https:\/\/mediarun.com\/pl\/wp-json\/wp\/v2\/posts\/35410","targetHints":{"allow":["GET"]}}],"collection":[{"href":"https:\/\/mediarun.com\/pl\/wp-json\/wp\/v2\/posts"}],"about":[{"href":"https:\/\/mediarun.com\/pl\/wp-json\/wp\/v2\/types\/post"}],"author":[{"embeddable":true,"href":"https:\/\/mediarun.com\/pl\/wp-json\/wp\/v2\/users\/1"}],"replies":[{"embeddable":true,"href":"https:\/\/mediarun.com\/pl\/wp-json\/wp\/v2\/comments?post=35410"}],"version-history":[{"count":0,"href":"https:\/\/mediarun.com\/pl\/wp-json\/wp\/v2\/posts\/35410\/revisions"}],"wp:featuredmedia":[{"embeddable":true,"href":"https:\/\/mediarun.com\/pl\/wp-json\/wp\/v2\/media\/35411"}],"wp:attachment":[{"href":"https:\/\/mediarun.com\/pl\/wp-json\/wp\/v2\/media?parent=35410"}],"wp:term":[{"taxonomy":"category","embeddable":true,"href":"https:\/\/mediarun.com\/pl\/wp-json\/wp\/v2\/categories?post=35410"},{"taxonomy":"post_tag","embeddable":true,"href":"https:\/\/mediarun.com\/pl\/wp-json\/wp\/v2\/tags?post=35410"}],"curies":[{"name":"wp","href":"https:\/\/api.w.org\/{rel}","templated":true}]}}