{"id":3541,"date":"2012-11-27T20:22:23","date_gmt":"2012-11-27T19:22:23","guid":{"rendered":"https:\/\/mediarun.com\/index.php\/news-posts\/kalinska-i-szczypczynska-w-zespole-ibillboard\/"},"modified":"2015-03-17T10:30:14","modified_gmt":"2015-03-17T10:30:14","slug":"kalinska-i-szczypczynska-w-zespole-ibillboard","status":"publish","type":"post","link":"https:\/\/mediarun.com\/pl\/ludzie\/kariera\/kalinska-i-szczypczynska-w-zespole-ibillboard.html","title":{"rendered":"Kali\u0144ska i Szczypczy\u0144ska w zespole iBillboard"},"content":{"rendered":"<p>Do g\u0142&oacute;wnych obowi\u0105zk&oacute;w Agnieszki Kali\u0144skiej w iBillboard nale\u017ce\u0107 b\u0119dzie tworzenie i wdra\u017canie strategii komunikacji marki, a tak\u017ce dzia\u0142ania media relations i PR wewn\u0119trzny.<\/p>\n<p>W ci\u0105gu ostatnich trzech lat Kali\u0144ska wsp&oacute;\u0142pracowa\u0142a z klientami z bran\u017cy: IT, FMCG, kosmetycznej, turystycznej  oraz kobiecej, jak r&oacute;wnie\u017c z agencjami PR (m.in.: S4 i 4D media relations).<\/p>\n<p>Wcze\u015bniej obejmowa\u0142a stanowisko asystenckie w Radiu RMF FM w dziale marketingu oraz w Onet.pl w dziale spo\u0142eczno\u015bciowym.<\/p>\n<p>Jest absolwentk\u0105 Dziennikarstwa i Komunikacji Spo\u0142ecznej oraz Kulturoznawstwa Mi\u0119dzynarodowego  na Uniwersytecie Jagiello\u0144skim.<\/p>\n<p>Anna Szczypczy\u0144ska z pocz\u0105tkiem listopada obj\u0119\u0142a stanowisko New Bussines Managera. B\u0119dzie odpowiedzialna za realizacj\u0119 strategii sprzeda\u017cowej jak r&oacute;wnie\u017c pozyskiwanie nowych klient&oacute;w oraz edukacj\u0119 rynku w przypadku mniejszych firm i klient&oacute;w bezpo\u015brednich.<\/p>\n<p>Szczypczy\u0144ska pracowa\u0142a jako dziennikarz, redaktor prowadz\u0105cy oraz dostawca tre\u015bci m.in. dla WP.pl, Gazeta.pl czy Onet.pl. Zajmowa\u0142a si\u0119 r&oacute;wnie\u017c obs\u0142ug\u0105 kana\u0142&oacute;w social media dla Gazeta.pl.<\/p>\n<p>Jest absolwentk\u0105 filologii polskiej Uniwersytetu Kardyna\u0142a Stefana Wyszy\u0144skiego, zrealizowa\u0142a tak\u017ce program MOST na Wydziale Dziennikarstwa i Nauk Spo\u0142ecznych Uniwersytetu Warszawskiego.<\/p>\n","protected":false},"excerpt":{"rendered":"Do grona pracownik&oacute;w sp&oacute;\u0142ki do\u0142\u0105czy\u0142y Agnieszka Kali\u0144ska (na zdj\u0119ciu), obejmuj\u0105c stanowisko PR Managera oraz Anna Szczypczy\u0144ska, pe\u0142ni\u0105ca funkcj\u0119 New Business Managera.","protected":false},"author":1,"featured_media":3542,"comment_status":"open","ping_status":"closed","sticky":false,"template":"","format":"standard","meta":{"csco_display_header_overlay":false,"csco_singular_sidebar":"","csco_page_header_type":"","csco_page_load_nextpost":"","csco_post_video_location":[],"csco_post_video_location_hash":"","csco_post_video_url":"","csco_post_video_bg_start_time":0,"csco_post_video_bg_end_time":0,"footnotes":""},"categories":[5909],"tags":[770],"class_list":{"0":"post-3541","1":"post","2":"type-post","3":"status-publish","4":"format-standard","5":"has-post-thumbnail","7":"category-kariera","8":"tag-ibillboard","9":"cs-entry","10":"cs-video-wrap"},"_links":{"self":[{"href":"https:\/\/mediarun.com\/pl\/wp-json\/wp\/v2\/posts\/3541","targetHints":{"allow":["GET"]}}],"collection":[{"href":"https:\/\/mediarun.com\/pl\/wp-json\/wp\/v2\/posts"}],"about":[{"href":"https:\/\/mediarun.com\/pl\/wp-json\/wp\/v2\/types\/post"}],"author":[{"embeddable":true,"href":"https:\/\/mediarun.com\/pl\/wp-json\/wp\/v2\/users\/1"}],"replies":[{"embeddable":true,"href":"https:\/\/mediarun.com\/pl\/wp-json\/wp\/v2\/comments?post=3541"}],"version-history":[{"count":0,"href":"https:\/\/mediarun.com\/pl\/wp-json\/wp\/v2\/posts\/3541\/revisions"}],"wp:featuredmedia":[{"embeddable":true,"href":"https:\/\/mediarun.com\/pl\/wp-json\/wp\/v2\/media\/3542"}],"wp:attachment":[{"href":"https:\/\/mediarun.com\/pl\/wp-json\/wp\/v2\/media?parent=3541"}],"wp:term":[{"taxonomy":"category","embeddable":true,"href":"https:\/\/mediarun.com\/pl\/wp-json\/wp\/v2\/categories?post=3541"},{"taxonomy":"post_tag","embeddable":true,"href":"https:\/\/mediarun.com\/pl\/wp-json\/wp\/v2\/tags?post=3541"}],"curies":[{"name":"wp","href":"https:\/\/api.w.org\/{rel}","templated":true}]}}