{"id":35406,"date":"2009-07-14T12:54:13","date_gmt":"2009-07-14T10:54:13","guid":{"rendered":"https:\/\/mediarun.com\/index.php\/news-posts\/12-sezon-top-gear-od-26-sierpnia\/"},"modified":"2009-07-14T12:54:13","modified_gmt":"2009-07-14T10:54:13","slug":"12-sezon-top-gear-od-26-sierpnia","status":"publish","type":"post","link":"https:\/\/mediarun.com\/pl\/media\/tv\/12-sezon-top-gear-od-26-sierpnia.html","title":{"rendered":"12 sezon Top Gear od 26 sierpnia"},"content":{"rendered":"<p>Nowy sezon programu obejmie 8 odcink&oacute;w. Jego prezenterzy (Jeremy Clarkson, James May oraz Richard Hammond) przekonaj\u0105 si\u0119, jak prowadzi si\u0119 wielk\u0105 ci\u0119\u017car&oacute;wk\u0119, polec\u0105 do Ameryki wypr&oacute;bowa\u0107 nowe, pot\u0119\u017cne wozy, sprawdz\u0105, czy w okresie komunizmu powsta\u0142 cho\u0107 jeden przyzwoity samoch&oacute;d, oraz przetestuj\u0105 superauto z nap\u0119dem elektrycznym.<\/p>\n<p>Gospodarze audycji udziel\u0105 praktycznych porad i spr&oacute;buj\u0105 zmusi\u0107 zwyk\u0142y, u\u017cywany samoch&oacute;d, by pop\u0119dzi\u0142 po torze z szybko\u015bci\u0105 sportowych woz&oacute;w.<\/p>\n<p>W 12 sezonie produkcji odb\u0119dzie si\u0119 r&oacute;wnie\u017c &#8222;wy\u015bcig na jednym baku paliwa&#8221;: prezenterzy pop\u0119dz\u0105 ze Szwajcarii przez Europ\u0119 do Anglii, a ten, kt&oacute;ry pierwszy dotrze na p&oacute;\u0142nocno-zachodnie wybrze\u017ce Anglii, b\u0119dzie m&oacute;g\u0142 w\u0142\u0105czy\u0107 s\u0142ynn\u0105 iluminacj\u0119 Blackpool.<\/p>\n<p>Widzowie zobacz\u0105 kolejne nowe samochody, m.in.: Lamborghini Gallardo LP-560, Porsche 911 GT2, klasyczne Ferrari Daytona, Pagani Zonda F Roadster oraz nowego Forda Fiest\u0119. Prowadz\u0105cy planuj\u0105 tak\u017ce przejecha\u0107 ca\u0142y Wietnam w 8 dni.<\/p>\n<p>Na ekrany powr&oacute;c\u0105 wszystkie znane pozycje Top Gear: newsy, &#8222;\u015bciana fajnych woz&oacute;w&#8221; oraz Stig, kt&oacute;ry pomo\u017ce gwiazdom odnale\u017a\u0107 si\u0119 za kierownic\u0105 skromnego wozu.<\/p>\n<p>Nowa seria &#8222;Top Gear&#8221; pojawi si\u0119 na antenie BBC Knowledge w \u015brod\u0119, 26 sierpnia, o godz. 21.00.<\/p>\n","protected":false},"excerpt":{"rendered":"26 sierpnia br. na antenie BBC Knowledge zadebiutuje 12 seria popularnego paradokumentu motoryzacyjnego &#8222;Top Gear&#8221;.","protected":false},"author":1,"featured_media":35407,"comment_status":"open","ping_status":"closed","sticky":false,"template":"","format":"standard","meta":{"csco_display_header_overlay":false,"csco_singular_sidebar":"","csco_page_header_type":"","csco_page_load_nextpost":"","csco_post_video_location":[],"csco_post_video_location_hash":"","csco_post_video_url":"","csco_post_video_bg_start_time":0,"csco_post_video_bg_end_time":0,"footnotes":""},"categories":[9670],"tags":[661,1494],"class_list":{"0":"post-35406","1":"post","2":"type-post","3":"status-publish","4":"format-standard","5":"has-post-thumbnail","7":"category-tv","8":"tag-bbc","9":"tag-top-gear","10":"cs-entry","11":"cs-video-wrap"},"_links":{"self":[{"href":"https:\/\/mediarun.com\/pl\/wp-json\/wp\/v2\/posts\/35406","targetHints":{"allow":["GET"]}}],"collection":[{"href":"https:\/\/mediarun.com\/pl\/wp-json\/wp\/v2\/posts"}],"about":[{"href":"https:\/\/mediarun.com\/pl\/wp-json\/wp\/v2\/types\/post"}],"author":[{"embeddable":true,"href":"https:\/\/mediarun.com\/pl\/wp-json\/wp\/v2\/users\/1"}],"replies":[{"embeddable":true,"href":"https:\/\/mediarun.com\/pl\/wp-json\/wp\/v2\/comments?post=35406"}],"version-history":[{"count":0,"href":"https:\/\/mediarun.com\/pl\/wp-json\/wp\/v2\/posts\/35406\/revisions"}],"wp:featuredmedia":[{"embeddable":true,"href":"https:\/\/mediarun.com\/pl\/wp-json\/wp\/v2\/media\/35407"}],"wp:attachment":[{"href":"https:\/\/mediarun.com\/pl\/wp-json\/wp\/v2\/media?parent=35406"}],"wp:term":[{"taxonomy":"category","embeddable":true,"href":"https:\/\/mediarun.com\/pl\/wp-json\/wp\/v2\/categories?post=35406"},{"taxonomy":"post_tag","embeddable":true,"href":"https:\/\/mediarun.com\/pl\/wp-json\/wp\/v2\/tags?post=35406"}],"curies":[{"name":"wp","href":"https:\/\/api.w.org\/{rel}","templated":true}]}}