{"id":35402,"date":"2009-07-14T14:31:37","date_gmt":"2009-07-14T12:31:37","guid":{"rendered":"https:\/\/mediarun.com\/index.php\/news-posts\/rekordowa-ogladalnosc-hitow-na-czasie-w-zielonej-gorze\/"},"modified":"2009-07-14T14:31:37","modified_gmt":"2009-07-14T12:31:37","slug":"rekordowa-ogladalnosc-hitow-na-czasie-w-zielonej-gorze","status":"publish","type":"post","link":"https:\/\/mediarun.com\/pl\/media\/tv\/rekordowa-ogladalnosc-hitow-na-czasie-w-zielonej-gorze.html","title":{"rendered":"Rekordowa ogl\u0105dalno\u015b\u0107 Hit\u00f3w na Czasie w Zielonej G\u00f3rze"},"content":{"rendered":"<p>Jak wynika z danych TNS OBOP, pierwsza cz\u0119\u015b\u0107 wydarzenia, wyemitowana 12 lipca w godz. 21.00-21.45, w grupie 16-49 przyci\u0105gn\u0119\u0142a przed telewizory 18,95 proc. widz&oacute;w. By\u0142 to drugi wynik w tym czasie antenowym &#8211; telewizyjn\u0105 Dw&oacute;jk\u0119 wyprzedzi\u0142a tylko propozycja filmowa Jedynki.<\/p>\n<p>Druga cz\u0119\u015b\u0107 transmisji, kt&oacute;r\u0105 stacja nadawa\u0142a w godz. 21.50-22.40, uzyska\u0142a w komercyjnej grupie 26,28 proc. udzia\u0142u w rynku i zapewni\u0142a Dw&oacute;jce pozycj\u0119 lidera pasma. Na kolejnych miejscach uplasowa\u0142y si\u0119 TVP1 (15,0 proc.), TVN (9,70 proc.) oraz Polsat (5,4 proc.). Jak informuj\u0105 przedstawiciele Eski, na miejscu koncert obejrza\u0142o 40 tys. widz&oacute;w.<\/p>\n<p>Hity na Czasie to trasa koncertowa realizowana od 2005 roku przez radio Eska i TVP2. Pozosta\u0142e koncerty z tegorocznej edycji wydarzenia odb\u0119d\u0105 si\u0119 w Warszawie (26 lipca) oraz w Bydgoszczy (23 sierpnia).<\/p>\n<p>Uzupe\u0142nieniem trasy jest 3-dniowy Sopot Hit Festiwal, kt&oacute;ry zago\u015bci na deskach Opery Le\u015bnej w dniach od 7 do 9 sierpnia.<\/p>\n<p>Arty\u015bci zaproszeni do udzia\u0142u w tegorocznych Hitach na Czasie, to m.in.: Andrzej &#8222;Piasek&#8221; Piaseczny, Feel, Afromental, PIN, Kate Ryan, Ola, Inna i Basic Element. W Sopocie widzowie zobacz\u0105: In-Grid, Denzela, Natali\u0119 Lesz, Piotra Rubika, Edyt\u0119 G&oacute;rniak i Dod\u0119. Ostatni dzie\u0144 Sopot Hit Festiwalu nale\u017ce\u0107 b\u0119dzie do obchodz\u0105cej 35-lecie pracy artystycznej Budki Suflera.<\/p>\n<p>Trasa wsparta jest promocj\u0105 w radiu (Eska), internecie (Eska.pl, Wazzzup.pl), prasie (Super Express), Esce TV oraz na no\u015bnikach zewn\u0119trznych.<\/p>\n","protected":false},"excerpt":{"rendered":"Pierwszy, zielonog&oacute;rski koncert z&nbsp;tegorocznego cyklu Hity na Czasie zgromadzi\u0142 przed telewizorami znaczn\u0105 liczb\u0119 widz&oacute;w.","protected":false},"author":1,"featured_media":35403,"comment_status":"open","ping_status":"closed","sticky":false,"template":"","format":"standard","meta":{"csco_display_header_overlay":false,"csco_singular_sidebar":"","csco_page_header_type":"","csco_page_load_nextpost":"","csco_post_video_location":[],"csco_post_video_location_hash":"","csco_post_video_url":"","csco_post_video_bg_start_time":0,"csco_post_video_bg_end_time":0,"footnotes":""},"categories":[9670],"tags":[622,1392],"class_list":{"0":"post-35402","1":"post","2":"type-post","3":"status-publish","4":"format-standard","5":"has-post-thumbnail","7":"category-tv","8":"tag-eska","9":"tag-tns-obop","10":"cs-entry","11":"cs-video-wrap"},"_links":{"self":[{"href":"https:\/\/mediarun.com\/pl\/wp-json\/wp\/v2\/posts\/35402","targetHints":{"allow":["GET"]}}],"collection":[{"href":"https:\/\/mediarun.com\/pl\/wp-json\/wp\/v2\/posts"}],"about":[{"href":"https:\/\/mediarun.com\/pl\/wp-json\/wp\/v2\/types\/post"}],"author":[{"embeddable":true,"href":"https:\/\/mediarun.com\/pl\/wp-json\/wp\/v2\/users\/1"}],"replies":[{"embeddable":true,"href":"https:\/\/mediarun.com\/pl\/wp-json\/wp\/v2\/comments?post=35402"}],"version-history":[{"count":0,"href":"https:\/\/mediarun.com\/pl\/wp-json\/wp\/v2\/posts\/35402\/revisions"}],"wp:featuredmedia":[{"embeddable":true,"href":"https:\/\/mediarun.com\/pl\/wp-json\/wp\/v2\/media\/35403"}],"wp:attachment":[{"href":"https:\/\/mediarun.com\/pl\/wp-json\/wp\/v2\/media?parent=35402"}],"wp:term":[{"taxonomy":"category","embeddable":true,"href":"https:\/\/mediarun.com\/pl\/wp-json\/wp\/v2\/categories?post=35402"},{"taxonomy":"post_tag","embeddable":true,"href":"https:\/\/mediarun.com\/pl\/wp-json\/wp\/v2\/tags?post=35402"}],"curies":[{"name":"wp","href":"https:\/\/api.w.org\/{rel}","templated":true}]}}