{"id":35396,"date":"2009-07-14T16:31:52","date_gmt":"2009-07-14T14:31:52","guid":{"rendered":"https:\/\/mediarun.com\/index.php\/news-posts\/kuzniecow-dyrektorem-wykonawczym-w-canal-cyfrowy\/"},"modified":"2009-07-14T16:31:52","modified_gmt":"2009-07-14T14:31:52","slug":"kuzniecow-dyrektorem-wykonawczym-w-canal-cyfrowy","status":"publish","type":"post","link":"https:\/\/mediarun.com\/pl\/ludzie\/awanse\/kuzniecow-dyrektorem-wykonawczym-w-canal-cyfrowy.html","title":{"rendered":"Ku\u017aniec\u00f3w dyrektorem wykonawczym w Canal+ Cyfrowy"},"content":{"rendered":"<p>W ramach stanowiska (CCO &#8211; chief commercial officer) odpowiedzialny jest za dzia\u0142ania realizowane w obr\u0119bie pion&oacute;w sprzeda\u017cy i&nbsp;logistyki oraz obs\u0142ugi klienta platformy cyfrowej Cyfra+. <\/p>\n<p>Odpowiada za strategi\u0119 budowania portfolio klient&oacute;w, polityk\u0119 dystrybucji, rozwijanie kana\u0142&oacute;w sprzeda\u017cy oraz szeroko poj\u0119t\u0105 obs\u0142ug\u0119 abonent&oacute;w, w tym centrum telefoniczne abonent&oacute;w Cyfry+, komunikacj\u0119 z abonentami oraz polityk\u0119 utrzymania klient&oacute;w.<\/p>\n<p>We wrze\u015bniu br. Ku\u017aniec&oacute;w wejdzie w sk\u0142ad zarz\u0105du sp&oacute;\u0142ki Canal+ Cyfrowy.<\/p>\n<p>Przez ostatnie 2 lata zwi\u0105zany by\u0142 z firm\u0105 Polkomtel, gdzie jako cz\u0142onek zarz\u0105du pe\u0142ni\u0142 funkcj\u0119 dyrektora ds. sprzeda\u017cy i&nbsp;logistyki. Wcze\u015bniej obejmowa\u0142 m.in. stanowisko dyrektora generalnego Grupy Germanos w&nbsp;Polsce.<\/p>\n","protected":false},"excerpt":{"rendered":"Jacek Ku\u017aniec&oacute;w obj\u0105\u0142 stanowisko dyrektora wykonawczego ds. sprzeda\u017cy, logistyki i obs\u0142ugi klienta w sp&oacute;\u0142ce Canal+ Cyfrowy.","protected":false},"author":1,"featured_media":35397,"comment_status":"open","ping_status":"closed","sticky":false,"template":"","format":"standard","meta":{"csco_display_header_overlay":false,"csco_singular_sidebar":"","csco_page_header_type":"","csco_page_load_nextpost":"","csco_post_video_location":[],"csco_post_video_location_hash":"","csco_post_video_url":"","csco_post_video_bg_start_time":0,"csco_post_video_bg_end_time":0,"footnotes":""},"categories":[9678],"tags":[518],"class_list":{"0":"post-35396","1":"post","2":"type-post","3":"status-publish","4":"format-standard","5":"has-post-thumbnail","7":"category-awanse","8":"tag-canal","9":"cs-entry","10":"cs-video-wrap"},"_links":{"self":[{"href":"https:\/\/mediarun.com\/pl\/wp-json\/wp\/v2\/posts\/35396","targetHints":{"allow":["GET"]}}],"collection":[{"href":"https:\/\/mediarun.com\/pl\/wp-json\/wp\/v2\/posts"}],"about":[{"href":"https:\/\/mediarun.com\/pl\/wp-json\/wp\/v2\/types\/post"}],"author":[{"embeddable":true,"href":"https:\/\/mediarun.com\/pl\/wp-json\/wp\/v2\/users\/1"}],"replies":[{"embeddable":true,"href":"https:\/\/mediarun.com\/pl\/wp-json\/wp\/v2\/comments?post=35396"}],"version-history":[{"count":0,"href":"https:\/\/mediarun.com\/pl\/wp-json\/wp\/v2\/posts\/35396\/revisions"}],"wp:featuredmedia":[{"embeddable":true,"href":"https:\/\/mediarun.com\/pl\/wp-json\/wp\/v2\/media\/35397"}],"wp:attachment":[{"href":"https:\/\/mediarun.com\/pl\/wp-json\/wp\/v2\/media?parent=35396"}],"wp:term":[{"taxonomy":"category","embeddable":true,"href":"https:\/\/mediarun.com\/pl\/wp-json\/wp\/v2\/categories?post=35396"},{"taxonomy":"post_tag","embeddable":true,"href":"https:\/\/mediarun.com\/pl\/wp-json\/wp\/v2\/tags?post=35396"}],"curies":[{"name":"wp","href":"https:\/\/api.w.org\/{rel}","templated":true}]}}