{"id":35388,"date":"2009-07-15T10:33:43","date_gmt":"2009-07-15T08:33:43","guid":{"rendered":"https:\/\/mediarun.com\/index.php\/news-posts\/w-tvp-beda-zwolnienia-grupowe\/"},"modified":"2009-07-15T10:33:43","modified_gmt":"2009-07-15T08:33:43","slug":"w-tvp-beda-zwolnienia-grupowe","status":"publish","type":"post","link":"https:\/\/mediarun.com\/pl\/media\/tv\/w-tvp-beda-zwolnienia-grupowe.html","title":{"rendered":"W TVP b\u0119d\u0105 zwolnienia grupowe"},"content":{"rendered":"<p><strong>Rzeczpospolita: Jest pan nadal p.o. prezesa TVP. S\u0105d odm&oacute;wi\u0142 wpisania na pana miejsce wiceprezesa telewizji S\u0142awomira Siwka.<\/strong><\/p>\n<p>Piotr Farfa\u0142: Przyjmuj\u0119 z pokor\u0105 decyzj\u0119 s\u0105du. Ale nigdy nie komentuj\u0119 orzecze\u0144 s\u0105d&oacute;w. Tak by\u0142o w przypadku procesu z Gazet\u0105 Wyborcz\u0105 i tak b\u0119dzie w ka\u017cdej innej sprawie, w kt&oacute;r\u0105 by\u0142bym zaanga\u017cowany.<\/p>\n<p><strong>Pa\u0144ski g\u0142&oacute;wny konkurent w ostatniej walce o fotel prezesa TVP &#8211; S\u0142awomir Siwek, krytykuje pana za brak zaanga\u017cowania w dyskusj\u0119 nad now\u0105 ustaw\u0105 medialn\u0105.<\/strong><\/p>\n<p>Prezes Siwek najch\u0119tniej zaj\u0105\u0142by stanowisko w tej sprawie, opowiadaj\u0105c si\u0119 po jednej ze stron. Mam okre\u015blone zdanie na temat ustawy medialnej, ale nie chc\u0119 powiela\u0107 b\u0142\u0119d&oacute;w poprzednik&oacute;w, kt&oacute;rzy manifestacyjnie zabierali g\u0142os. Na osobach odpowiedzialnych za kszta\u0142t nowej ustawy nie zrobi\u0142oby to \u017cadnego wra\u017cenia. A m&oacute;j apel by\u0142by odebrany jako g\u0142os przeciwko konkretnym politykom. Chcia\u0142em uchroni\u0107 TVP przed bie\u017c\u0105cym sporem. To tylko teatr robiony na u\u017cytek szerszej walki politycznej. Ja nie chc\u0119 bra\u0107 w niej udzia\u0142u.<\/p>\n<p><strong>A jak pan sobie wyobra\u017ca wsp&oacute;\u0142prac\u0119 z kuratorem, kt&oacute;rego chce wprowadzi\u0107 do TVP minister skarbu?<\/strong><\/p>\n<p>Ustawa o Krajowym Rejestrze S\u0105dowym stanowi, \u017ce kurator jest wprowadzany, aby powo\u0142a\u0107 brakuj\u0105cy organ. Je\u015bli w\u0142a\u015bciciel TVP, czyli minister skarbu, uwa\u017ca, \u017ce kurator z powodu braku rady nadzorczej powinien zosta\u0107 powo\u0142any, to jest to jego prawo. Dosy\u0107 przekonuj\u0105cy jest przy tym argument, \u017ce dzi\u0119ki kuratorowi w\u0142a\u015bciciel b\u0119dzie mia\u0142 informacje o tym, co si\u0119 dzieje w sp&oacute;\u0142ce. Kwestia wniosku o wprowadzenie kuratora, kt&oacute;ry pojawi\u0142 si\u0119 tydzie\u0144 po wyga\u015bni\u0119ciu kadencji rady, nie podlega ocenie prezesa zarz\u0105du, tylko s\u0105du. Ale je\u015bli taka jest wola w\u0142a\u015bciciela, to ja si\u0119 z tym zgadzam.<\/p>\n<p><strong>Wp\u0142ywy z abonamentu spadaj\u0105, wp\u0142ywy reklamowe ze wzgl\u0119du na kryzys mog\u0105 jesieni\u0105 te\u017c by\u0107 mniejsze ni\u017c rok temu. Jaki ma pan pomys\u0142 na zwi\u0119kszenie wp\u0142yw&oacute;w w trudnych czasach? &#8222;M jak mi\u0142o\u015b\u0107&#8221; b\u0119dzie przerywane reklamami?<\/strong><\/p>\n<p>O mitycznym przerywaniu program&oacute;w reklamami m&oacute;wi\u0142em tylko w kontek\u015bcie nowej ustawy medialnej. Moim zdaniem najlepsz\u0105 form\u0105 finansowania medi&oacute;w publicznych jest abonament. Z my\u015bl\u0105 o przysz\u0142o\u015bci w tym momencie w sp&oacute;\u0142ce trwaj\u0105 dzia\u0142ania restrukturyzacyjne. To nie tylko planowane zwolnienia, ale tak\u017ce kwestia ponownej weryfikacji kosztorys&oacute;w propozycji programowych. Przynajmniej kilka program&oacute;w, kt&oacute;re pojawi\u0142y si\u0119 w TVP za czas&oacute;w moich poprzednik&oacute;w, b\u0119dzie mia\u0142o mniejsze bud\u017cety. Cz\u0119sto okazywa\u0142o si\u0119, \u017ce program mo\u017ce by\u0107 robiony taniej, je\u015bli prowadz\u0105cy czy producent zgodz\u0105 si\u0119 na mniejsze honoraria. Albo kto\u015b b\u0119dzie robi\u0142 program dalej za du\u017co mniejsze pieni\u0105dze, albo znajdziemy alternatyw\u0119.<\/p>\n<p><strong>Podobno we wszystkich antenach szuka si\u0119 ci\u0119\u0107 w wysoko\u015bci 200 mln z\u0142, a sama TVP Info ma zmniejszy\u0107 bud\u017cet o 10 mln z\u0142&#8230;<\/strong><\/p>\n<p>Poczta pantoflowa zniekszta\u0142ci\u0142a ten przekaz. Nasze przychody s\u0105 wypadkow\u0105 PKB w Polsce. Je\u015bli on spada, to wydatki reklamodawc&oacute;w r&oacute;wnie\u017c si\u0119 zmniejszaj\u0105. Dlatego po pierwszych pi\u0119ciu miesi\u0105cach doszli\u015bmy do wniosku, \u017ce pieni\u0119dzy z reklam mo\u017ce by\u0107 na koniec roku mniej, ni\u017c zak\u0142adali\u015bmy w nowelizowanym wcze\u015bniej bud\u017cecie.<\/p>\n<p>Ale nasza konkurencja jest w du\u017co gorszej sytuacji ni\u017c my, bo ju\u017c na pocz\u0105tku roku pope\u0142ni\u0142a kardynalne b\u0142\u0119dy. Do tej pory znale\u017ali\u015bmy du\u017c\u0105 cz\u0119\u015b\u0107 brakuj\u0105cych pieni\u0119dzy. Teraz okaza\u0142o si\u0119, \u017ce te ci\u0119cia musz\u0105 p&oacute;j\u015b\u0107 jeszcze g\u0142\u0119biej. I nie chodzi o anteny, tylko o ca\u0142\u0105 sp&oacute;\u0142k\u0119.<\/p>\n<p>Rzeczywi\u015bcie, jest to kwestia 200 mln z\u0142. Dzi\u0119ki tym oszcz\u0119dno\u015bciom sp&oacute;\u0142ka w 2010 roku zacznie wychodzi\u0107 na prost\u0105.<\/p>\n<p><strong>Jaki to b\u0119dzie rodzaj oszcz\u0119dno\u015bci? Zrezygnuje pan z cz\u0119\u015bci floty samochodowej czy mo\u017ce skr&oacute;ci &#8222;Wiadomo\u015bci&#8221;?<\/strong><\/p>\n<p>To b\u0142\u0119dne za\u0142o\u017cenie, \u017ce je\u015bli co\u015b si\u0119 robi taniej, to z uszczerbkiem dla programu. Nie ukrywam, \u017ce w ci\u0105gu dw&oacute;ch tygodni w sp&oacute;\u0142ce zapadnie decyzja o zwolnieniach grupowych. Zaznaczam, \u017ce 177 os&oacute;b odesz\u0142o ju\u017c w ramach tzw. dobrowolnych odej\u015b\u0107, a wcze\u015bniej ponad 40 os&oacute;b po likwidacji telewizyjnego o\u015brodka zdrowia. Dzi\u015b TVP zatrudnia 4400 os&oacute;b, wliczaj\u0105c o\u015brodki regionalne. Na razie nie chc\u0119 m&oacute;wi\u0107 o liczbie os&oacute;b, kt&oacute;re strac\u0105 prac\u0119. Poza tym s\u0105 jeszcze osoby, kt&oacute;re maj\u0105 umowy na czas okre\u015blony. Nie b\u0119dzie tak, \u017ce zwolnimy wszystkich, chcemy, \u017ceby zostali najlepsi.<\/p>\n<p><strong>TVP ma te\u017c inne problemy. Jedynka i Dw&oacute;jka nie maj\u0105 szef&oacute;w. Jak zamierza pan rozwi\u0105za\u0107 ten problem?<\/strong><\/p>\n<p>Dzi\u015b TVP 1 b\u0119dzie mie\u0107 nowego dyrektora. To profesjonalista, kt&oacute;ry pracowa\u0142 w TVP przez d\u0142ugi czas. Nie zdradz\u0119 jednak jego nazwiska. Na pewno to osoba nienaznaczona \u017cadnym politycznym stygmatem. [Presserwis poda\u0142, \u017ce ma nim zosta\u0107 Krzysztof Nowak, kt&oacute;ry by\u0142 wiceszefem Jedynki za prezesury Wies\u0142awa Walendziaka &#8211; red.]. Dw&oacute;jka nie ma szefa od kilku dni, dlatego pozw&oacute;lcie, \u017ce i w tym przypadku dokonam r&oacute;wnie dobrego wyboru.<\/p>\n<p><strong>Zaskoczy\u0142 pan wiele os&oacute;b, stwierdzaj\u0105c, \u017ce TVP sama przeprowadzi proces cyfryzacji. Ma pan plany stworzenia platformy cyfrowej?<\/strong><\/p>\n<p>S\u0105 dwie drogi do zcyfryzowania pa\u0144stwa. Jedn\u0105 jest tzw. cyfryzacja naziemna, a drug\u0105 &#8211; cyfryzacja satelitarna. Mamy w Europie kilka przyk\u0142ad&oacute;w pa\u0144stw, w kt&oacute;rych cyfryzacja odby\u0142a si\u0119 drog\u0105 satelitarn\u0105. Takim krajem jest np. Austria &#8211; kraj g&oacute;rzysty, gdzie cyfryzacja naziemna by si\u0119 nie powiod\u0142a. W Polsce organy rz\u0105dowe przes\u0105dzi\u0142y ju\u017c, \u017ce cyfryzacja powinna si\u0119 odby\u0107 drog\u0105 naziemn\u0105. Nie krytykuj\u0119 tej decyzji, ale uwa\u017cam, \u017ce istnieje ta\u0144sza i lepsza alternatywa. To, co chc\u0119 przeprowadzi\u0107, b\u0119dzie komplementarne wobec za\u0142o\u017ce\u0144 rz\u0105dowych, chocia\u017c nasze dzia\u0142ania z pewno\u015bci\u0105 nast\u0105pi\u0105 du\u017co szybciej. Cyfryzacji naziemnej dla ca\u0142ego obszaru Polski nie wyobra\u017cam sobie, cho\u0107by bior\u0105c pod uwag\u0119 koszty nadajnik&oacute;w, kt&oacute;re trzeba by lokowa\u0107 tak\u017ce w tych rejonach, gdzie g\u0119sto\u015b\u0107 zaludnienia jest bardzo ma\u0142a. Nikogo dzisiaj nie sta\u0107 na taki koszt. Chcemy stworzy\u0107 w TVP ca\u0142kowicie nonprofitow\u0105 platform\u0119 satelitarn\u0105. Ma ona dzia\u0142a\u0107 na zupe\u0142nie innych zasadach ni\u017c te, kt&oacute;re istniej\u0105 ju\u017c na polskim rynku. Model, kt&oacute;ry budujemy w oparciu o do\u015bwiadczenia m.in. BBC, b\u0119dzie dla widza bezp\u0142atny.<\/p>\n<p><strong>Kiedy to nast\u0105pi?<\/strong><\/p>\n<p>Mamy ju\u017c termin startu, ale konkurencja nie \u015bpi, wi\u0119c ogranicz\u0119 si\u0119 tylko do stwierdzenia, \u017ce b\u0119dzie to w tym roku, w ci\u0105gu najbli\u017cszych kilku miesi\u0119cy.<\/p>\n<p><strong>Kto zap\u0142aci za stworzenie takiej platformy?<\/strong><\/p>\n<p>Koszty po stronie TVP b\u0119d\u0105 na dotychczasowym poziomie: to jest kwestia dalszego wynajmowania transponder&oacute;w na satelicie, za co i tak dzisiaj p\u0142acimy. Ta platforma mia\u0142aby si\u0119 sk\u0142ada\u0107 z dw&oacute;ch cz\u0119\u015bci &#8211; w pakiecie podstawowym widz za darmo dostaje wszystko, co jest dost\u0119pne naziemnie plus prawie wszystkie kana\u0142y TVP. B\u0119dzie te\u017c cz\u0119\u015b\u0107 p\u0142atna. Od widza b\u0119dzie zale\u017ca\u0142o, czy zechce mie\u0107 tylko pakiet podstawowy czy te\u017c ofert\u0119 rozszerzon\u0105. Za ofert\u0119 podstawow\u0105 nie b\u0119dzie \u017cadnych op\u0142at abonenckich, widz b\u0119dzie musia\u0142 jedynie kupi\u0107 dekoder i anten\u0119, a ca\u0142kowity koszt tych zakup&oacute;w nie przekroczy 300 z\u0142.<\/p>\n<p><strong>Ile b\u0119dzie kosztowa\u0142o takie przedsi\u0119wzi\u0119cie?<\/strong><\/p>\n<p>Nie s\u0105 to koszty, kt&oacute;re rzutowa\u0142yby na powodzenie platformy. M&oacute;wimy o wymianie infrastruktury naziemnej, czyli o ok. milionie euro. Bior\u0105c pod uwag\u0119, jak kosztoch\u0142onne s\u0105 inne platformy dzia\u0142aj\u0105ce na polskim rynku, jestem przekonany, \u017ce nasza oferta b\u0119dzie rewolucj\u0105.<\/p>\n<p><strong>W strategii cyfryzacji pa\u0144stwa napisano, \u017ce przy platformie TVP mo\u017ce pracowa\u0107 z partnerami. Czy telewizja ma takich partner&oacute;w?<\/strong><\/p>\n<p>Sp&oacute;\u0142ka publiczna ma ten problem przy anga\u017cowaniu si\u0119 w przedsi\u0119wzi\u0119cia z partnerami, \u017ce w zasadzie jedyn\u0105 form\u0105 prawn\u0105 by\u0142aby wtedy sp&oacute;\u0142ka c&oacute;rka. Na to musia\u0142by wyrazi\u0107 zgod\u0119 minister skarbu. S\u0105 te\u017c kwestie z p&oacute;\u017aniejszym rozliczaniem si\u0119 TVP przed Komisj\u0105 Europejsk\u0105, kt&oacute;ra bada wykorzystanie abonamentu. Jest wi\u0119c trudno\u015b\u0107 natury formalnej w tworzeniu takiej sp&oacute;\u0142ki z kt&oacute;rym\u015b z partner&oacute;w prywatnych. Zreszt\u0105 przejrzy\u015bciej b\u0119dzie, je\u015bli w\u0142a\u015bcicielem takiego projektu zostanie w ca\u0142o\u015bci TVP.<\/p>\n<p><strong>Kto b\u0119dzie dostarcza\u0142 sygna\u0142 satelitarny?<\/strong><\/p>\n<p>Wiadomo, \u017ce \u017cadna telewizja nie wystrzeli w\u0142asnego satelity. Oferty na rynku s\u0105 dwie: jedna to oferta SES-Astra, druga &#8211; Eutelsatu i Hotbirda. Obie le\u017c\u0105 u nas. Nie podj\u0119li\u015bmy w ich sprawie finalnych decyzji, ale powiedzmy, \u017ce jedna z nich ma wi\u0119cej walor&oacute;w. W najbli\u017cszym czasie b\u0119dziemy mogli zakomunikowa\u0107 wi\u0119cej szczeg&oacute;\u0142&oacute;w biznesowych i technicznych. Podmiot, kt&oacute;ry udost\u0119pni nam miejsce na transponderach, b\u0119dzie naszym partnerem. Ale kapita\u0142owo projekt zostaje przy TVP.<\/p>\n<p><strong>Przejd\u017amy do polityki. Czy nie uwa\u017ca pan, \u017ce promowanie Libertasu w czasie kampanii eurowyborczej zaszkodzi\u0142o TVP?<\/strong><\/p>\n<p>Chcia\u0142bym, aby\u015bmy rozmawiali o liczbach. Mog\u0119 dostarczy\u0107 zestawienia robione dla KRRiT, jakie partie ile czasu wyst\u0119powa\u0142y w TVP. Rozumiem, \u017ce te k\u0142amstwa s\u0105 elementem nagonki medialnej, ale z tych zestawie\u0144 wynika wprost, \u017ce przedstawiane by\u0142y przede wszystkim dwie najwi\u0119ksze partie. Nawet KRRiT milczy na ten temat, bo wie, \u017ce taka argumentacja by\u0142aby nieprawdziwa. Dlatego prosz\u0119 nie pos\u0142ugiwa\u0107 si\u0119 tanim populizmem.<\/p>\n<p><strong>W TVP pracuj\u0105 na wysokich stanowiskach dwie osoby, kt&oacute;re startowa\u0142y do europarlamentu z listy Libertasu. M&oacute;wi\u0119 o Piotrze \u015alusarczyku, wicedyrektorze biura zarz\u0105du, i Boles\u0142awie Borysiuku, doradcy zarz\u0105du. Czy osoby, kt&oacute;re skupiaj\u0105 si\u0119 na \u017cyciu politycznym, powinny pe\u0142ni\u0107 kierownicze funkcje w telewizji?<\/strong><\/p>\n<p>W telewizji pracuje te\u017c by\u0142y wojewoda z Unii Wolno\u015bci, by\u0142y pose\u0142 AWS czy obecna radna Platformy Obywatelskiej z Warszawy.<\/p>\n<p>Dla mnie nie jest problemem, \u017ce kto\u015b anga\u017cuje si\u0119 w dzia\u0142alno\u015b\u0107 polityczn\u0105. Te osoby nie s\u0105 odpowiedzialne za program w TVP.<\/p>\n<p>W innych zak\u0142adach pracy te\u017c pracuj\u0105 ludzie, kt&oacute;rzy byli kandydatami na pos\u0142a czy radnego. Nie wolno mi dyskryminowa\u0107 pracownika tylko dlatego, \u017ce bra\u0142 udzia\u0142 w kampanii wyborczej.<\/p>\n<p><strong>Czy w fotelu szefa TVP dotrwa pan do ko\u0144ca kadencji, czyli do po\u0142owy czerwca 2010 roku?<\/strong><\/p>\n<p>Nie interesuje mnie to, jak d\u0142ugo b\u0119d\u0119 prezesem TVP. Istot\u0105 wszystkich moich dzia\u0142a\u0144 podejmowanych w TVP jest to, czy czas, kt&oacute;ry b\u0119dzie mi dany, wystarczy na dokonanie zmian zapocz\u0105tkowanych p&oacute;\u0142 roku temu.<\/p>\n<p><strong>A ile potrzeba czasu na ich realizacj\u0119?<\/strong><\/p>\n<p>My\u015bl\u0119, \u017ce reformy i nowe projekty, o kt&oacute;rych rozmawiali\u015bmy, zostan\u0105 wdro\u017cone do ko\u0144ca tego roku.<\/p>\n<p>Wi\u0119cej na <a href=\"http:\/\/http:\/\/www.rzeczpospolita.pl\/\">http:\/\/www.rzeczpospolita.pl\/<\/a><\/p>\n","protected":false},"excerpt":{"rendered":"Sami stworzymy darmow\u0105 satelitarn\u0105 platform\u0119 cyfrow\u0105 &#8211; zapowiada p.o. prezesa TVP Piotr Farfa\u0142.","protected":false},"author":1,"featured_media":35389,"comment_status":"open","ping_status":"closed","sticky":false,"template":"","format":"standard","meta":{"csco_display_header_overlay":false,"csco_singular_sidebar":"","csco_page_header_type":"","csco_page_load_nextpost":"","csco_post_video_location":[],"csco_post_video_location_hash":"","csco_post_video_url":"","csco_post_video_bg_start_time":0,"csco_post_video_bg_end_time":0,"footnotes":""},"categories":[9670],"tags":[392],"class_list":{"0":"post-35388","1":"post","2":"type-post","3":"status-publish","4":"format-standard","5":"has-post-thumbnail","7":"category-tv","8":"tag-tvp","9":"cs-entry","10":"cs-video-wrap"},"_links":{"self":[{"href":"https:\/\/mediarun.com\/pl\/wp-json\/wp\/v2\/posts\/35388","targetHints":{"allow":["GET"]}}],"collection":[{"href":"https:\/\/mediarun.com\/pl\/wp-json\/wp\/v2\/posts"}],"about":[{"href":"https:\/\/mediarun.com\/pl\/wp-json\/wp\/v2\/types\/post"}],"author":[{"embeddable":true,"href":"https:\/\/mediarun.com\/pl\/wp-json\/wp\/v2\/users\/1"}],"replies":[{"embeddable":true,"href":"https:\/\/mediarun.com\/pl\/wp-json\/wp\/v2\/comments?post=35388"}],"version-history":[{"count":0,"href":"https:\/\/mediarun.com\/pl\/wp-json\/wp\/v2\/posts\/35388\/revisions"}],"wp:featuredmedia":[{"embeddable":true,"href":"https:\/\/mediarun.com\/pl\/wp-json\/wp\/v2\/media\/35389"}],"wp:attachment":[{"href":"https:\/\/mediarun.com\/pl\/wp-json\/wp\/v2\/media?parent=35388"}],"wp:term":[{"taxonomy":"category","embeddable":true,"href":"https:\/\/mediarun.com\/pl\/wp-json\/wp\/v2\/categories?post=35388"},{"taxonomy":"post_tag","embeddable":true,"href":"https:\/\/mediarun.com\/pl\/wp-json\/wp\/v2\/tags?post=35388"}],"curies":[{"name":"wp","href":"https:\/\/api.w.org\/{rel}","templated":true}]}}