{"id":35326,"date":"2009-07-16T16:06:18","date_gmt":"2009-07-16T14:06:18","guid":{"rendered":"https:\/\/mediarun.com\/index.php\/news-posts\/zkdp-gosc-niedzielny-w-gore\/"},"modified":"2009-07-16T16:06:18","modified_gmt":"2009-07-16T14:06:18","slug":"zkdp-gosc-niedzielny-w-gore","status":"publish","type":"post","link":"https:\/\/mediarun.com\/pl\/media\/prasa\/zkdp-gosc-niedzielny-w-gore.html","title":{"rendered":"ZKDP: Go\u015b\u0107 Niedzielny w g\u00f3r\u0119"},"content":{"rendered":"<p>Jak wynika z danych ZKDP, liderem zestawienia by\u0142a w analizowanym okresie Polityka (137 623 egz., spadek o 10,9 proc. w stosunku do maja 2008 r.). Na drugiej pozycji uplasowa\u0142 si\u0119 Go\u015b\u0107 Niedzielny (135 061 egz., wzrost o 7,54 proc.), a na trzeciej &#8211; Newsweek Polska (112 946 egz., spadek o 7,02 proc.).<\/p>\n<p>Kolejne lokaty nale\u017ca\u0142y w maju br. do tygodnika Wprost (90 870, mniej o 21,87 proc.), Przekroju (47 970 egz., spadek o 21,17 proc.) i Przegl\u0105du (21 615 egz., spadek o 5,76 proc.).<\/p>\n<p>Powy\u017csze dane odnosz\u0105 si\u0119 do pozycji z zestawienia Zwi\u0105zku Kontroli Dystrybucji Prasy, okre\u015blonej jako &#8222;rozpowszechnianie p\u0142atne razem&#8221;.<\/p>\n","protected":false},"excerpt":{"rendered":"W maju br. po raz kolejny najwi\u0119ksze tygodniki opinii odnotowa\u0142y spadek sprzeda\u017cy w por&oacute;wnaniu z ubieg\u0142ym rokiem, tylko Go\u015b\u0107 Niedzielny poprawi\u0142 sw&oacute;j wynik.","protected":false},"author":1,"featured_media":35327,"comment_status":"open","ping_status":"closed","sticky":false,"template":"","format":"standard","meta":{"csco_display_header_overlay":false,"csco_singular_sidebar":"","csco_page_header_type":"","csco_page_load_nextpost":"","csco_post_video_location":[],"csco_post_video_location_hash":"","csco_post_video_url":"","csco_post_video_bg_start_time":0,"csco_post_video_bg_end_time":0,"footnotes":""},"categories":[9673],"tags":[1540,1357],"class_list":{"0":"post-35326","1":"post","2":"type-post","3":"status-publish","4":"format-standard","5":"has-post-thumbnail","7":"category-prasa","8":"tag-gosc-niedzielny","9":"tag-zkdp","10":"cs-entry","11":"cs-video-wrap"},"_links":{"self":[{"href":"https:\/\/mediarun.com\/pl\/wp-json\/wp\/v2\/posts\/35326","targetHints":{"allow":["GET"]}}],"collection":[{"href":"https:\/\/mediarun.com\/pl\/wp-json\/wp\/v2\/posts"}],"about":[{"href":"https:\/\/mediarun.com\/pl\/wp-json\/wp\/v2\/types\/post"}],"author":[{"embeddable":true,"href":"https:\/\/mediarun.com\/pl\/wp-json\/wp\/v2\/users\/1"}],"replies":[{"embeddable":true,"href":"https:\/\/mediarun.com\/pl\/wp-json\/wp\/v2\/comments?post=35326"}],"version-history":[{"count":0,"href":"https:\/\/mediarun.com\/pl\/wp-json\/wp\/v2\/posts\/35326\/revisions"}],"wp:featuredmedia":[{"embeddable":true,"href":"https:\/\/mediarun.com\/pl\/wp-json\/wp\/v2\/media\/35327"}],"wp:attachment":[{"href":"https:\/\/mediarun.com\/pl\/wp-json\/wp\/v2\/media?parent=35326"}],"wp:term":[{"taxonomy":"category","embeddable":true,"href":"https:\/\/mediarun.com\/pl\/wp-json\/wp\/v2\/categories?post=35326"},{"taxonomy":"post_tag","embeddable":true,"href":"https:\/\/mediarun.com\/pl\/wp-json\/wp\/v2\/tags?post=35326"}],"curies":[{"name":"wp","href":"https:\/\/api.w.org\/{rel}","templated":true}]}}