{"id":35182,"date":"2009-07-26T16:20:41","date_gmt":"2009-07-26T14:20:41","guid":{"rendered":"https:\/\/mediarun.com\/index.php\/news-posts\/wprost-na-wakacje\/"},"modified":"2009-07-26T16:20:41","modified_gmt":"2009-07-26T14:20:41","slug":"wprost-na-wakacje","status":"publish","type":"post","link":"https:\/\/mediarun.com\/pl\/media\/prasa\/wprost-na-wakacje.html","title":{"rendered":"Wprost na wakacje"},"content":{"rendered":"<p>Pierwszy \u0142\u0105czony numer (32\/33\/09) uka\u017ce si\u0119 3 sierpnia. Kolejny (34\/35\/09), dwa tygodnie p&oacute;\u017aniej &#8211; 17 sierpnia. Cena (4,90 z\u0142) pozostanie bez zmian, jednak zwi\u0119kszona zostanie obj\u0119to\u015b\u0107, a tak\u017ce nak\u0142ad (200 tys.).<\/p>\n<p>&#8211; Powi\u0119kszenie obj\u0119to\u015bci Wprost i ograniczenie liczby wyda\u0144 w sierpniu to przede wszystkim dostosowanie si\u0119 do potrzeb wakacyjnego czytelnika. Z drugiej strony to r&oacute;wnie\u017c mo\u017cliwo\u015b\u0107 optymalizacji koszt&oacute;w. Rynek reklamowy w okresie wakacyjnym jest zawsze mniej dynamiczny &#8211; wyja\u015bnia Katarzyna Koz\u0142owska, zast\u0119pca redaktora naczelnego, wydawca.<\/p>\n","protected":false},"excerpt":{"rendered":"Zamiast pi\u0119ciu wyda\u0144 tygodnika Wprost w sierpniu do sprzeda\u017cy trafi\u0105 trzy.","protected":false},"author":1,"featured_media":35183,"comment_status":"open","ping_status":"closed","sticky":false,"template":"","format":"standard","meta":{"csco_display_header_overlay":false,"csco_singular_sidebar":"","csco_page_header_type":"","csco_page_load_nextpost":"","csco_post_video_location":[],"csco_post_video_location_hash":"","csco_post_video_url":"","csco_post_video_bg_start_time":0,"csco_post_video_bg_end_time":0,"footnotes":""},"categories":[9673],"tags":[348],"class_list":{"0":"post-35182","1":"post","2":"type-post","3":"status-publish","4":"format-standard","5":"has-post-thumbnail","7":"category-prasa","8":"tag-wprost","9":"cs-entry","10":"cs-video-wrap"},"_links":{"self":[{"href":"https:\/\/mediarun.com\/pl\/wp-json\/wp\/v2\/posts\/35182","targetHints":{"allow":["GET"]}}],"collection":[{"href":"https:\/\/mediarun.com\/pl\/wp-json\/wp\/v2\/posts"}],"about":[{"href":"https:\/\/mediarun.com\/pl\/wp-json\/wp\/v2\/types\/post"}],"author":[{"embeddable":true,"href":"https:\/\/mediarun.com\/pl\/wp-json\/wp\/v2\/users\/1"}],"replies":[{"embeddable":true,"href":"https:\/\/mediarun.com\/pl\/wp-json\/wp\/v2\/comments?post=35182"}],"version-history":[{"count":0,"href":"https:\/\/mediarun.com\/pl\/wp-json\/wp\/v2\/posts\/35182\/revisions"}],"wp:featuredmedia":[{"embeddable":true,"href":"https:\/\/mediarun.com\/pl\/wp-json\/wp\/v2\/media\/35183"}],"wp:attachment":[{"href":"https:\/\/mediarun.com\/pl\/wp-json\/wp\/v2\/media?parent=35182"}],"wp:term":[{"taxonomy":"category","embeddable":true,"href":"https:\/\/mediarun.com\/pl\/wp-json\/wp\/v2\/categories?post=35182"},{"taxonomy":"post_tag","embeddable":true,"href":"https:\/\/mediarun.com\/pl\/wp-json\/wp\/v2\/tags?post=35182"}],"curies":[{"name":"wp","href":"https:\/\/api.w.org\/{rel}","templated":true}]}}