{"id":34970,"date":"2009-08-03T17:28:49","date_gmt":"2009-08-03T15:28:49","guid":{"rendered":"https:\/\/mediarun.com\/index.php\/news-posts\/powstanie-warszawskie-w-telewizji\/"},"modified":"2009-08-03T17:28:49","modified_gmt":"2009-08-03T15:28:49","slug":"powstanie-warszawskie-w-telewizji","status":"publish","type":"post","link":"https:\/\/mediarun.com\/pl\/media\/tv\/powstanie-warszawskie-w-telewizji.html","title":{"rendered":"Powstanie Warszawskie w telewizji"},"content":{"rendered":"<p>Z danych TNS OBOP wynika, \u017ce spo\u015br&oacute;d wszystkich program&oacute;w odnosz\u0105cych si\u0119 do tematyki Powstania Warszawskiego najwi\u0119cej widz&oacute;w przyci\u0105gn\u0105\u0142 film &#8222;Zakazane piosenki&#8221; (TVP2) &#8211; \u015brednio 1,6 mln Polak&oacute;w, przy udzia\u0142ach w rynku na poziomie 18 proc. Z kolei wyemitowany tu\u017c po nim dokument &#8222;Epidemia mi\u0142o\u015bci&#8221; (TVP2) zgromadzi\u0142 przed telewizorami \u015brednio 1,1 mln widz&oacute;w (udzia\u0142y 12 proc.).<\/p>\n<p>Bezpo\u015bredni\u0105 transmisj\u0119 uroczysto\u015bci z pl. Pi\u0142sudskiego \u015bledzi\u0142o w TVP1 \u015brednio 0,6 mln os&oacute;b (udzia\u0142y 18 proc.). Z kolei retransmisj\u0119 koncertu &#8222;Pami\u0119tamy &#8217;44 &#8211; Gajcy&#8221; (TVN), kt&oacute;ry odby\u0142 si\u0119 w &#8222;Parku Wolno\u015bci&#8221; na terenie Muzeum Powstania Warszawskiego, obejrza\u0142o poni\u017cej p&oacute;\u0142 miliona widz&oacute;w (widownia 464 tys., udzia\u0142y 10 proc.).<\/p>\n<p>O 17.00 &#8211; symbolicznej godzinie &#8222;W&#8221; &#8211; telewizor mia\u0142o w\u0142\u0105czony blisko 5 mln Polak&oacute;w. Najwi\u0119cej widz&oacute;w w tym czasie zgromadzi\u0142a TVP1, emituj\u0105ca w tym czasie &#8222;Teleexpress&#8221; &#8211; 1,2 mln (udzia\u0142y 24,68 proc.). O tej samej porze TVP2 wybra\u0142o 855 tys. os&oacute;b (udzia\u0142y 17,23 proc., w tym czasie trwa\u0142 film &#8222;Godzina W&#8221;). Polsat, kt&oacute;ry o tej porze transmitowa\u0142 mecz siatk&oacute;wki kobiet Polska &#8211; Holandia, wybra\u0142o 789 tys. os&oacute;b (15,91 proc.). Z kolei TVN o 17.00 ogl\u0105da\u0142o 175 tys. os&oacute;b (udzia\u0142y 3,53 proc.). Informacyjne TVP Info w godzinie &#8222;W&#8221; ogl\u0105da\u0142o 277 tys. Polak&oacute;w (udzia\u0142y 5,6 proc.), a TVN24&nbsp;171 tys. (udzia\u0142y 3,46 proc.).<\/p>\n<p>1 sierpnia w\u015br&oacute;d stacji informacyjnych zdecydowanie najwy\u017csz\u0105 \u015bredni\u0105 ogl\u0105dalno\u015b\u0107 zanotowa\u0142a TVP Info &#8211; \u015brednia dobowa widownia tej stacji wynios\u0142a 227 tys. widz&oacute;w (udzia\u0142y 6,03 proc.). Na drugim miejscu uplasowa\u0142a si\u0119 TVN24, gromadz\u0105c w sobot\u0119 \u015brednio 130 tys. widz&oacute;w (udzia\u0142y 3,45 proc.). Polsat News tego dnia \u015bledzi\u0142o \u015brednio 17 tys. os&oacute;b (udzia\u0142y 0,44 proc.) a TVN Warszawa \u015brednio tysi\u0105c os&oacute;b, stanowi\u0105cych 0,03 proc. rynku.<\/p>\n","protected":false},"excerpt":{"rendered":"Programy zwi\u0105zane z Powstaniem Warszawskim wyemitowane przez TVP1, TVP2 i TVN ogl\u0105da\u0142o w sobot\u0119 1 sierpnia br. przez co najmniej jedn\u0105 minut\u0119 11 mln Polak&oacute;w.","protected":false},"author":1,"featured_media":34971,"comment_status":"open","ping_status":"closed","sticky":false,"template":"","format":"standard","meta":{"csco_display_header_overlay":false,"csco_singular_sidebar":"","csco_page_header_type":"","csco_page_load_nextpost":"","csco_post_video_location":[],"csco_post_video_location_hash":"","csco_post_video_url":"","csco_post_video_bg_start_time":0,"csco_post_video_bg_end_time":0,"footnotes":""},"categories":[9670],"tags":[1392],"class_list":{"0":"post-34970","1":"post","2":"type-post","3":"status-publish","4":"format-standard","5":"has-post-thumbnail","7":"category-tv","8":"tag-tns-obop","9":"cs-entry","10":"cs-video-wrap"},"_links":{"self":[{"href":"https:\/\/mediarun.com\/pl\/wp-json\/wp\/v2\/posts\/34970","targetHints":{"allow":["GET"]}}],"collection":[{"href":"https:\/\/mediarun.com\/pl\/wp-json\/wp\/v2\/posts"}],"about":[{"href":"https:\/\/mediarun.com\/pl\/wp-json\/wp\/v2\/types\/post"}],"author":[{"embeddable":true,"href":"https:\/\/mediarun.com\/pl\/wp-json\/wp\/v2\/users\/1"}],"replies":[{"embeddable":true,"href":"https:\/\/mediarun.com\/pl\/wp-json\/wp\/v2\/comments?post=34970"}],"version-history":[{"count":0,"href":"https:\/\/mediarun.com\/pl\/wp-json\/wp\/v2\/posts\/34970\/revisions"}],"wp:featuredmedia":[{"embeddable":true,"href":"https:\/\/mediarun.com\/pl\/wp-json\/wp\/v2\/media\/34971"}],"wp:attachment":[{"href":"https:\/\/mediarun.com\/pl\/wp-json\/wp\/v2\/media?parent=34970"}],"wp:term":[{"taxonomy":"category","embeddable":true,"href":"https:\/\/mediarun.com\/pl\/wp-json\/wp\/v2\/categories?post=34970"},{"taxonomy":"post_tag","embeddable":true,"href":"https:\/\/mediarun.com\/pl\/wp-json\/wp\/v2\/tags?post=34970"}],"curies":[{"name":"wp","href":"https:\/\/api.w.org\/{rel}","templated":true}]}}