{"id":34760,"date":"2009-08-10T15:56:47","date_gmt":"2009-08-10T13:56:47","guid":{"rendered":"https:\/\/mediarun.com\/index.php\/news-posts\/ramza-szefem-dzialu-sprzedazy-brokera-fm\/"},"modified":"2009-08-10T15:56:47","modified_gmt":"2009-08-10T13:56:47","slug":"ramza-szefem-dzialu-sprzedazy-brokera-fm","status":"publish","type":"post","link":"https:\/\/mediarun.com\/pl\/ludzie\/awanse\/ramza-szefem-dzialu-sprzedazy-brokera-fm.html","title":{"rendered":"Ramza szefem dzia\u0142u sprzeda\u017cy Brokera FM"},"content":{"rendered":"<p>Tomasz Ramza zwi\u0105zany jest z bran\u017c\u0105 od dziesi\u0119ciu lat. Ostatnio pracowa\u0142 jako dyrektor medi&oacute;w w domu mediowym MPGR oraz nale\u017ca\u0142 do zespo\u0142u zarz\u0105dzaj\u0105cego firm\u0105.<\/p>\n<p>Przed przyj\u015bciem do MPG Ramza pracowa\u0142 m.in. w domach mediowych Starcom, Media Planning i Media Concept. Karier\u0119 zawodow\u0105 rozpocz\u0105\u0142 w 1996 roku w pozna\u0144skim oddziale RMF FM, gdzie przez trzy lata zajmowa\u0142 si\u0119 sprzeda\u017c\u0105 czasu antenowego.<\/p>\n","protected":false},"excerpt":{"rendered":"10 sierpnia br. dyrektorem generalnym dzia\u0142u sprzeda\u017cy sp&oacute;\u0142ki Broker FM zosta\u0142 Tomasz Ramza.","protected":false},"author":1,"featured_media":34761,"comment_status":"open","ping_status":"closed","sticky":false,"template":"","format":"standard","meta":{"csco_display_header_overlay":false,"csco_singular_sidebar":"","csco_page_header_type":"","csco_page_load_nextpost":"","csco_post_video_location":[],"csco_post_video_location_hash":"","csco_post_video_url":"","csco_post_video_bg_start_time":0,"csco_post_video_bg_end_time":0,"footnotes":""},"categories":[9678],"tags":[2503],"class_list":{"0":"post-34760","1":"post","2":"type-post","3":"status-publish","4":"format-standard","5":"has-post-thumbnail","7":"category-awanse","8":"tag-broker-fm","9":"cs-entry","10":"cs-video-wrap"},"_links":{"self":[{"href":"https:\/\/mediarun.com\/pl\/wp-json\/wp\/v2\/posts\/34760","targetHints":{"allow":["GET"]}}],"collection":[{"href":"https:\/\/mediarun.com\/pl\/wp-json\/wp\/v2\/posts"}],"about":[{"href":"https:\/\/mediarun.com\/pl\/wp-json\/wp\/v2\/types\/post"}],"author":[{"embeddable":true,"href":"https:\/\/mediarun.com\/pl\/wp-json\/wp\/v2\/users\/1"}],"replies":[{"embeddable":true,"href":"https:\/\/mediarun.com\/pl\/wp-json\/wp\/v2\/comments?post=34760"}],"version-history":[{"count":0,"href":"https:\/\/mediarun.com\/pl\/wp-json\/wp\/v2\/posts\/34760\/revisions"}],"wp:featuredmedia":[{"embeddable":true,"href":"https:\/\/mediarun.com\/pl\/wp-json\/wp\/v2\/media\/34761"}],"wp:attachment":[{"href":"https:\/\/mediarun.com\/pl\/wp-json\/wp\/v2\/media?parent=34760"}],"wp:term":[{"taxonomy":"category","embeddable":true,"href":"https:\/\/mediarun.com\/pl\/wp-json\/wp\/v2\/categories?post=34760"},{"taxonomy":"post_tag","embeddable":true,"href":"https:\/\/mediarun.com\/pl\/wp-json\/wp\/v2\/tags?post=34760"}],"curies":[{"name":"wp","href":"https:\/\/api.w.org\/{rel}","templated":true}]}}