{"id":3409,"date":"2012-12-06T15:43:27","date_gmt":"2012-12-06T14:43:27","guid":{"rendered":"https:\/\/mediarun.com\/index.php\/news-posts\/patrick-alders-general-managerem-w-be-viacom\/"},"modified":"2015-03-17T10:29:59","modified_gmt":"2015-03-17T10:29:59","slug":"patrick-alders-general-managerem-w-be-viacom","status":"publish","type":"post","link":"https:\/\/mediarun.com\/pl\/ludzie\/kariera\/patrick-alders-general-managerem-w-be-viacom.html","title":{"rendered":"Patrick Alders General Managerem w Be Viacom"},"content":{"rendered":"<p><span>B\u0119dzie nadzorowa\u0142 sprzeda\u017c reklam na wszystkich platformach grupy.<\/span><\/p>\n<p>Viacom International Media Networks North Europe (VIMN) og\u0142osi\u0142, \u017ce od 1 stycznia 2013 r. Patrick Alders, jako Senior Vice President (SVP) i General Manager Be Viacom,  b\u0119dzie nadzorowa\u0142 sprzeda\u017c reklam na wszystkich platformach grupy VIMN oraz rozw&oacute;j zintegrowanych projekt&oacute;w komercyjnych brand solutions dla kana\u0142&oacute;w z portfolio grupy, takich jak MTV, Comedy Central, VIVA i Nickelodeon na obszarze Europy P&oacute;\u0142nocnej. Zasi\u0119g terytorialny obejmuje Niemcy, Szwajcari\u0119, Austri\u0119, Holandi\u0119, Belgi\u0119, Szwecj\u0119, Dani\u0119, Norwegi\u0119, Finlandi\u0119 i Polsk\u0119.<\/p>\n<p>Alders, dotychczas pe\u0142ni\u0105cy funkcj\u0119 Senior Vice President i General Managera Nickelodeon, przejmuje nowe obowi\u0105zki od Jin Choi, kt&oacute;ry zdecydowa\u0142 si\u0119 opu\u015bci\u0107 firm\u0119 w zwi\u0105zku z nowymi wyzwaniami zawodowymi. Na nowym stanowisku Patrick Alders b\u0119dzie wci\u0105\u017c raportowa\u0107 do Dana Ligtvoeta, Executive Vice Presidenta (EVP) i Managing Directora w Viacom International Media Networks Northern Europe. Z kolei z Polski do Aldersa b\u0119dzie raportowa\u0107 Darek Janczewski, Vice President (VP) Be Viacom Poland.<\/p>\n<p>Zawodowo Patrick Alders zwi\u0105zany by\u0142 m.in. z takimi markami jak Universal Media, gdzie pe\u0142ni\u0142 funkcj\u0119 Dyrektora Strategicznego. W 2003 roku do\u0142\u0105czy\u0142 do Viacom International Media Networks  jako szef dzia\u0142u strategii dla kraj&oacute;w Beneluxu, a nast\u0119pnie w 2005 roku awansowa\u0142 na stanowisko General Manager Nickelodeon Benelux. Od 2009 roku pe\u0142ni funkcj\u0119 General Manager dla brandu Nickelodeon na rynek Northern Europe, gdzie odpowiada\u0142 r&oacute;wnie\u017c za projekty biznesowe.<\/p>\n","protected":false},"excerpt":{"rendered":"Od 1 stycznia 2013 r. Patrick Alders przejmuje obowi\u0105zki general managera Be Viacom od Jin Choi, kt&oacute;ry opuszcza firm\u0119.&nbsp;","protected":false},"author":1,"featured_media":3410,"comment_status":"open","ping_status":"closed","sticky":false,"template":"","format":"standard","meta":{"csco_display_header_overlay":false,"csco_singular_sidebar":"","csco_page_header_type":"","csco_page_load_nextpost":"","csco_post_video_location":[],"csco_post_video_location_hash":"","csco_post_video_url":"","csco_post_video_bg_start_time":0,"csco_post_video_bg_end_time":0,"footnotes":""},"categories":[5909],"tags":[],"class_list":{"0":"post-3409","1":"post","2":"type-post","3":"status-publish","4":"format-standard","5":"has-post-thumbnail","7":"category-kariera","8":"cs-entry","9":"cs-video-wrap"},"_links":{"self":[{"href":"https:\/\/mediarun.com\/pl\/wp-json\/wp\/v2\/posts\/3409","targetHints":{"allow":["GET"]}}],"collection":[{"href":"https:\/\/mediarun.com\/pl\/wp-json\/wp\/v2\/posts"}],"about":[{"href":"https:\/\/mediarun.com\/pl\/wp-json\/wp\/v2\/types\/post"}],"author":[{"embeddable":true,"href":"https:\/\/mediarun.com\/pl\/wp-json\/wp\/v2\/users\/1"}],"replies":[{"embeddable":true,"href":"https:\/\/mediarun.com\/pl\/wp-json\/wp\/v2\/comments?post=3409"}],"version-history":[{"count":0,"href":"https:\/\/mediarun.com\/pl\/wp-json\/wp\/v2\/posts\/3409\/revisions"}],"wp:featuredmedia":[{"embeddable":true,"href":"https:\/\/mediarun.com\/pl\/wp-json\/wp\/v2\/media\/3410"}],"wp:attachment":[{"href":"https:\/\/mediarun.com\/pl\/wp-json\/wp\/v2\/media?parent=3409"}],"wp:term":[{"taxonomy":"category","embeddable":true,"href":"https:\/\/mediarun.com\/pl\/wp-json\/wp\/v2\/categories?post=3409"},{"taxonomy":"post_tag","embeddable":true,"href":"https:\/\/mediarun.com\/pl\/wp-json\/wp\/v2\/tags?post=3409"}],"curies":[{"name":"wp","href":"https:\/\/api.w.org\/{rel}","templated":true}]}}