{"id":3401,"date":"2012-12-06T22:14:02","date_gmt":"2012-12-06T21:14:02","guid":{"rendered":"https:\/\/mediarun.com\/index.php\/news-posts\/rozmowy-po-szczegolne-nowy-cykl-tvp2\/"},"modified":"2012-12-06T22:14:02","modified_gmt":"2012-12-06T21:14:02","slug":"rozmowy-po-szczegolne-nowy-cykl-tvp2","status":"publish","type":"post","link":"https:\/\/mediarun.com\/pl\/media\/tv\/rozmowy-po-szczegolne-nowy-cykl-tvp2.html","title":{"rendered":"&#8222;Rozmowy Po-Szczeg\u00f3lne&#8221; &#8211; nowy cykl TVP2"},"content":{"rendered":"<p>Ka\u017cdy z bohater&oacute;w &#8222;Rozm&oacute;w Po-Szczeg&oacute;lnych&#8221; wskaza\u0142 jedn\u0105, wa\u017cn\u0105 dla siebie osob\u0119 &#8211; przyjaciela, ucznia, duchowego nast\u0119pc\u0119, dociekliwego biografa czy b\u0142yskotliwego adwersarza. Wybrana osoba zadaje mistrzowi pytania, nierzadko odwa\u017cne, zaczepne i zaskakuj\u0105ce.<\/p>\n<p>W pierwszym odcinku (emisja 25 grudnia, o godz. 17.20) zobaczymy Agat\u0119 Buzek w rozmowie z Jerzym Stuhrem. On by\u0142 jej profesorem. Przepytywa\u0142 j\u0105 na egzaminie do szko\u0142y teatralnej. Teraz nadszed\u0142 czas, by odwr&oacute;ci\u0107 role.<\/p>\n<p>Kolejne spotkanie odb\u0119dzie si\u0119 w \u015brod\u0119, 26 grudnia, o godz. 17.20. Gospodarzem programu b\u0119dzie Anna Dymna, jej go\u015bciem za\u015b wybitny re\u017cyser &#8211; Jerzy Hoffman.<\/p>\n<p>W\u015br&oacute;d kolejnych par nie zabraknie m.in. Tomasza Sta\u0144ko w rozmowie z Kasi\u0105 Nosowsk\u0105, Krzysztofa Pendereckiego dyskutuj\u0105cego z Marcinem Gmysem, Kazimierza Kutza zwierzaj\u0105cego si\u0119 Aleksandrze Klich, Julii Hartwig dziel\u0105cej si\u0119 przemy\u015bleniami z Jaros\u0142awem Miko\u0142ajewskim, Zygmunta Baumana konwersuj\u0105cego z Jackiem \u017bakowskim, Andrzeja Wajdy w spotkaniu z Agnieszk\u0105 Holland oraz Wojciecha M\u0142ynarskiego w rozmowie z c&oacute;rk\u0105, Agat\u0105 M\u0142ynarsk\u0105.<\/p>\n<p>&#8222;Rozmowy Po-Szczeg&oacute;lne&#8221; zosta\u0142y przygotowany przez Telewizj\u0119 Polsk\u0105 we wsp&oacute;\u0142pracy z Narodowym Instytutem Audiowizualnym.<\/p>\n","protected":false},"excerpt":{"rendered":"Osobowo\u015bci kultury b\u0119d\u0105 go\u015b\u0107mi, a jednocze\u015bnie gospodarzami nowego cyklu telewizyjnej Dw&oacute;jki zatytu\u0142owanego &#8222;Rozmowy Po-Szczeg&oacute;lne&#8221;. Premiera 2. dnia \u015awi\u0105t Bo\u017cego Narodzenia o godz. 17.00.","protected":false},"author":1,"featured_media":3402,"comment_status":"open","ping_status":"closed","sticky":false,"template":"","format":"standard","meta":{"csco_display_header_overlay":false,"csco_singular_sidebar":"","csco_page_header_type":"","csco_page_load_nextpost":"","csco_post_video_location":[],"csco_post_video_location_hash":"","csco_post_video_url":"","csco_post_video_bg_start_time":0,"csco_post_video_bg_end_time":0,"footnotes":""},"categories":[9670],"tags":[610],"class_list":{"0":"post-3401","1":"post","2":"type-post","3":"status-publish","4":"format-standard","5":"has-post-thumbnail","7":"category-tv","8":"tag-tvp2","9":"cs-entry","10":"cs-video-wrap"},"_links":{"self":[{"href":"https:\/\/mediarun.com\/pl\/wp-json\/wp\/v2\/posts\/3401","targetHints":{"allow":["GET"]}}],"collection":[{"href":"https:\/\/mediarun.com\/pl\/wp-json\/wp\/v2\/posts"}],"about":[{"href":"https:\/\/mediarun.com\/pl\/wp-json\/wp\/v2\/types\/post"}],"author":[{"embeddable":true,"href":"https:\/\/mediarun.com\/pl\/wp-json\/wp\/v2\/users\/1"}],"replies":[{"embeddable":true,"href":"https:\/\/mediarun.com\/pl\/wp-json\/wp\/v2\/comments?post=3401"}],"version-history":[{"count":0,"href":"https:\/\/mediarun.com\/pl\/wp-json\/wp\/v2\/posts\/3401\/revisions"}],"wp:featuredmedia":[{"embeddable":true,"href":"https:\/\/mediarun.com\/pl\/wp-json\/wp\/v2\/media\/3402"}],"wp:attachment":[{"href":"https:\/\/mediarun.com\/pl\/wp-json\/wp\/v2\/media?parent=3401"}],"wp:term":[{"taxonomy":"category","embeddable":true,"href":"https:\/\/mediarun.com\/pl\/wp-json\/wp\/v2\/categories?post=3401"},{"taxonomy":"post_tag","embeddable":true,"href":"https:\/\/mediarun.com\/pl\/wp-json\/wp\/v2\/tags?post=3401"}],"curies":[{"name":"wp","href":"https:\/\/api.w.org\/{rel}","templated":true}]}}