{"id":34008,"date":"2009-09-03T13:39:01","date_gmt":"2009-09-03T11:39:01","guid":{"rendered":"https:\/\/mediarun.com\/index.php\/news-posts\/nowy-sezon-malej-czarnej-w-tv4\/"},"modified":"2009-09-03T13:39:01","modified_gmt":"2009-09-03T11:39:01","slug":"nowy-sezon-malej-czarnej-w-tv4","status":"publish","type":"post","link":"https:\/\/mediarun.com\/pl\/media\/tv\/nowy-sezon-malej-czarnej-w-tv4.html","title":{"rendered":"Nowy sezon &#8222;Ma\u0142ej Czarnej&#8221; w TV4"},"content":{"rendered":"<p>W ka\u017cdym wydaniu Katarzyna Montgomery wraz z dwiema wsp&oacute;\u0142prowadz\u0105cymi zaprasza do rozmowy ciekawych go\u015bci i ekspert&oacute;w, by odpowiedzie\u0107 na pytania nurtuj\u0105ce wsp&oacute;\u0142czesne kobiety.<\/p>\n<p>Na pierwszy ogie\u0144 program odpowie na takie pytania jak: Czy i dlaczego kobiety XXI wieku to zak\u0142adniczki sukcesu? Dlaczego niekt&oacute;re kobiety nie chc\u0105 mie\u0107 dzieci? Jak wykry\u0107 zdrad\u0119? Czy pornografia mo\u017ce zniszczy\u0107 zwi\u0105zek? Czy ci\u0119\u017cka choroba nas zmienia?<\/p>\n<p>Program z Katarzyn\u0105 Montgomery wsp&oacute;\u0142prowadz\u0105: Aleksandra Kwa\u015bniewska, Karolina Wajda, Zuzanna Ziomecka, Paulina Reiter, Barbara Stanis\u0142awczyk, Katarzyna Lengren i Beata Kawka.<\/p>\n<p>&#8222;Ma\u0142a Czarna&#8221; od poniedzia\u0142ku do czwartku o 16.30 w Czw&oacute;rce.<\/p>\n","protected":false},"excerpt":{"rendered":"21 wrze\u015bnia br. Czw&oacute;rka rozpocznie emisj\u0119 nowej serii programu &#8222;Ma\u0142a Czarna&#8221;.","protected":false},"author":1,"featured_media":34009,"comment_status":"open","ping_status":"closed","sticky":false,"template":"","format":"standard","meta":{"csco_display_header_overlay":false,"csco_singular_sidebar":"","csco_page_header_type":"","csco_page_load_nextpost":"","csco_post_video_location":[],"csco_post_video_location_hash":"","csco_post_video_url":"","csco_post_video_bg_start_time":0,"csco_post_video_bg_end_time":0,"footnotes":""},"categories":[9670],"tags":[1162],"class_list":{"0":"post-34008","1":"post","2":"type-post","3":"status-publish","4":"format-standard","5":"has-post-thumbnail","7":"category-tv","8":"tag-czworka","9":"cs-entry","10":"cs-video-wrap"},"_links":{"self":[{"href":"https:\/\/mediarun.com\/pl\/wp-json\/wp\/v2\/posts\/34008","targetHints":{"allow":["GET"]}}],"collection":[{"href":"https:\/\/mediarun.com\/pl\/wp-json\/wp\/v2\/posts"}],"about":[{"href":"https:\/\/mediarun.com\/pl\/wp-json\/wp\/v2\/types\/post"}],"author":[{"embeddable":true,"href":"https:\/\/mediarun.com\/pl\/wp-json\/wp\/v2\/users\/1"}],"replies":[{"embeddable":true,"href":"https:\/\/mediarun.com\/pl\/wp-json\/wp\/v2\/comments?post=34008"}],"version-history":[{"count":0,"href":"https:\/\/mediarun.com\/pl\/wp-json\/wp\/v2\/posts\/34008\/revisions"}],"wp:featuredmedia":[{"embeddable":true,"href":"https:\/\/mediarun.com\/pl\/wp-json\/wp\/v2\/media\/34009"}],"wp:attachment":[{"href":"https:\/\/mediarun.com\/pl\/wp-json\/wp\/v2\/media?parent=34008"}],"wp:term":[{"taxonomy":"category","embeddable":true,"href":"https:\/\/mediarun.com\/pl\/wp-json\/wp\/v2\/categories?post=34008"},{"taxonomy":"post_tag","embeddable":true,"href":"https:\/\/mediarun.com\/pl\/wp-json\/wp\/v2\/tags?post=34008"}],"curies":[{"name":"wp","href":"https:\/\/api.w.org\/{rel}","templated":true}]}}