{"id":33502,"date":"2009-09-17T23:58:51","date_gmt":"2009-09-17T21:58:51","guid":{"rendered":"https:\/\/mediarun.com\/index.php\/news-posts\/wiktor-bater-korespondentem-polsat-news\/"},"modified":"2009-09-17T23:58:51","modified_gmt":"2009-09-17T21:58:51","slug":"wiktor-bater-korespondentem-polsat-news","status":"publish","type":"post","link":"https:\/\/mediarun.com\/pl\/media\/tv\/wiktor-bater-korespondentem-polsat-news.html","title":{"rendered":"Wiktor Bater korespondentem Polsat News"},"content":{"rendered":"<p>Jego relacje b\u0119d\u0105 obecne tak\u017ce w &#8222;Wydarzeniach&#8221; &#8211; g\u0142&oacute;wnym programie informacyjnym telewizji Polsat.<\/p>\n<p>W ostatnich latach pe\u0142ni\u0142 funkcj\u0119 rosyjskiego korespondenta TVN i TVP, dla kt&oacute;rych relacjonowa\u0142 m.in. wojn\u0119 w Iraku, konflikt izraelsko &#8211; palesty\u0144ski, zamach na Dubrowce, II wojn\u0119 czecze\u0144sk\u0105, zamach na szko\u0142\u0119 w Bies\u0142anie. Autor ksi\u0105\u017cki &#8222;Nikt nie spodziewa si\u0119 rzezi&#8221;.<\/p>\n","protected":false},"excerpt":{"rendered":"Wiktor Bater rozpoczyna swoj\u0105 prac\u0119 w Moskwie jako sta\u0142y korespondent zagraniczny Polsat News.","protected":false},"author":1,"featured_media":33503,"comment_status":"open","ping_status":"closed","sticky":false,"template":"","format":"standard","meta":{"csco_display_header_overlay":false,"csco_singular_sidebar":"","csco_page_header_type":"","csco_page_load_nextpost":"","csco_post_video_location":[],"csco_post_video_location_hash":"","csco_post_video_url":"","csco_post_video_bg_start_time":0,"csco_post_video_bg_end_time":0,"footnotes":""},"categories":[9670],"tags":[673],"class_list":{"0":"post-33502","1":"post","2":"type-post","3":"status-publish","4":"format-standard","5":"has-post-thumbnail","7":"category-tv","8":"tag-polsat-news","9":"cs-entry","10":"cs-video-wrap"},"_links":{"self":[{"href":"https:\/\/mediarun.com\/pl\/wp-json\/wp\/v2\/posts\/33502","targetHints":{"allow":["GET"]}}],"collection":[{"href":"https:\/\/mediarun.com\/pl\/wp-json\/wp\/v2\/posts"}],"about":[{"href":"https:\/\/mediarun.com\/pl\/wp-json\/wp\/v2\/types\/post"}],"author":[{"embeddable":true,"href":"https:\/\/mediarun.com\/pl\/wp-json\/wp\/v2\/users\/1"}],"replies":[{"embeddable":true,"href":"https:\/\/mediarun.com\/pl\/wp-json\/wp\/v2\/comments?post=33502"}],"version-history":[{"count":0,"href":"https:\/\/mediarun.com\/pl\/wp-json\/wp\/v2\/posts\/33502\/revisions"}],"wp:featuredmedia":[{"embeddable":true,"href":"https:\/\/mediarun.com\/pl\/wp-json\/wp\/v2\/media\/33503"}],"wp:attachment":[{"href":"https:\/\/mediarun.com\/pl\/wp-json\/wp\/v2\/media?parent=33502"}],"wp:term":[{"taxonomy":"category","embeddable":true,"href":"https:\/\/mediarun.com\/pl\/wp-json\/wp\/v2\/categories?post=33502"},{"taxonomy":"post_tag","embeddable":true,"href":"https:\/\/mediarun.com\/pl\/wp-json\/wp\/v2\/tags?post=33502"}],"curies":[{"name":"wp","href":"https:\/\/api.w.org\/{rel}","templated":true}]}}