{"id":33484,"date":"2009-09-20T18:16:26","date_gmt":"2009-09-20T16:16:26","guid":{"rendered":"https:\/\/mediarun.com\/index.php\/news-posts\/plus-reklamuje-mobilny-internet\/"},"modified":"2009-09-20T18:16:26","modified_gmt":"2009-09-20T16:16:26","slug":"plus-reklamuje-mobilny-internet","status":"publish","type":"post","link":"https:\/\/mediarun.com\/pl\/marketing\/atl\/plus-reklamuje-mobilny-internet.html","title":{"rendered":"Plus reklamuje mobilny internet"},"content":{"rendered":"<p>&#8211; wy\u017cszych o 100 proc. limitach przesy\u0142ania danych oraz modemie iPlus ZTE MF100 za 1 z\u0142.<\/p>\n<p>Zdj\u0119cia do reklamy, kt&oacute;rych autorem i re\u017cyserem by\u0142 \u0141ukasz Ko\u015bmicki, trwa\u0142y dwa dni. Kr\u0119cono je w okolicach podwarszawskiej Wierzbicy nad Narwi\u0105. Na potrzeby kampanii przygotowano dwie wersje spot&oacute;w telewizyjnych (30- i 15-sekundowy).<\/p>\n<p>Kampania potrwa do 31 pa\u017adziernika. Obecna b\u0119dzie w telewizji, internecie oraz na outdoorze.<\/p>\n<p>Za kreacj\u0119 kampanii odpowiada agencja Young &amp; Rubicam. Media zaplanowa\u0142 i kupi\u0142 dom mediowy Universal McCann.<\/p>\n","protected":false},"excerpt":{"rendered":"Nowa og&oacute;lnopolska kampania iPlusa rozpocz\u0119\u0142a si\u0119 18 wrze\u015bnia. Komunikacja koncentruje si\u0119 na promocji benefit&oacute;w najnowszej oferty&#8230;","protected":false},"author":1,"featured_media":33485,"comment_status":"open","ping_status":"closed","sticky":false,"template":"","format":"standard","meta":{"csco_display_header_overlay":false,"csco_singular_sidebar":"","csco_page_header_type":"","csco_page_load_nextpost":"","csco_post_video_location":[],"csco_post_video_location_hash":"","csco_post_video_url":"","csco_post_video_bg_start_time":0,"csco_post_video_bg_end_time":0,"footnotes":""},"categories":[9642],"tags":[243,224,334],"class_list":{"0":"post-33484","1":"post","2":"type-post","3":"status-publish","4":"format-standard","5":"has-post-thumbnail","7":"category-atl","8":"tag-plus-gsm","9":"tag-universal-mccann","10":"tag-young-rubicam","11":"cs-entry","12":"cs-video-wrap"},"_links":{"self":[{"href":"https:\/\/mediarun.com\/pl\/wp-json\/wp\/v2\/posts\/33484","targetHints":{"allow":["GET"]}}],"collection":[{"href":"https:\/\/mediarun.com\/pl\/wp-json\/wp\/v2\/posts"}],"about":[{"href":"https:\/\/mediarun.com\/pl\/wp-json\/wp\/v2\/types\/post"}],"author":[{"embeddable":true,"href":"https:\/\/mediarun.com\/pl\/wp-json\/wp\/v2\/users\/1"}],"replies":[{"embeddable":true,"href":"https:\/\/mediarun.com\/pl\/wp-json\/wp\/v2\/comments?post=33484"}],"version-history":[{"count":0,"href":"https:\/\/mediarun.com\/pl\/wp-json\/wp\/v2\/posts\/33484\/revisions"}],"wp:featuredmedia":[{"embeddable":true,"href":"https:\/\/mediarun.com\/pl\/wp-json\/wp\/v2\/media\/33485"}],"wp:attachment":[{"href":"https:\/\/mediarun.com\/pl\/wp-json\/wp\/v2\/media?parent=33484"}],"wp:term":[{"taxonomy":"category","embeddable":true,"href":"https:\/\/mediarun.com\/pl\/wp-json\/wp\/v2\/categories?post=33484"},{"taxonomy":"post_tag","embeddable":true,"href":"https:\/\/mediarun.com\/pl\/wp-json\/wp\/v2\/tags?post=33484"}],"curies":[{"name":"wp","href":"https:\/\/api.w.org\/{rel}","templated":true}]}}