{"id":33480,"date":"2009-09-20T23:07:11","date_gmt":"2009-09-20T21:07:11","guid":{"rendered":"https:\/\/mediarun.com\/index.php\/news-posts\/farfal-odwolany-co-dalej-z-tvp\/"},"modified":"2009-09-20T23:07:11","modified_gmt":"2009-09-20T21:07:11","slug":"farfal-odwolany-co-dalej-z-tvp","status":"publish","type":"post","link":"https:\/\/mediarun.com\/pl\/media\/tv\/farfal-odwolany-co-dalej-z-tvp.html","title":{"rendered":"Farfa\u0142 odwo\u0142any, co dalej z TVP?"},"content":{"rendered":"<p>Tymczasowo telewizj\u0105 pokieruj\u0105 Bogus\u0142aw Szwedo i Ma\u0142gorzata Wi\u015bnicka-Hi\u0144cza, kt&oacute;rzy tworz\u0105 nowy zarz\u0105d TVP.<\/p>\n<p>Piotr Farfa\u0142 o\u015bwiadczy\u0142, \u017ce uchwa\u0142y rady nadzorczej TVP uznaje za bezprawne, a ka\u017cdego kto b\u0119dzie je pr&oacute;bowa\u0142 wykona\u0107 pozwie do s\u0105du. Wed\u0142ug Farfa\u0142a rezygnacja z zasiadania w radzie przez reprezentanta MSP oznacza, \u017ce rada nie mo\u017ce podejmowa\u0107 \u017cadnych uchwa\u0142 &#8211; informuje PAP<\/p>\n<p>&#8211; Ka\u017cdy, kto b\u0119dzie na podstawie bezprawnych uchwa\u0142 pr&oacute;bowa\u0142 wprowadzi\u0107 chaos w Sp&oacute;\u0142ce i zak\u0142&oacute;ci\u0107 jej normalne funkcjonowanie, zostanie przez w\u0142adze Sp&oacute;\u0142ki pozwany do s\u0105du o dzia\u0142anie na jej szkod\u0119 &#8211; napisa\u0142 Farfa\u0142 w komunikacie prasowym.<\/p>\n","protected":false},"excerpt":{"rendered":"Rada nadzorcza TVP odwo\u0142a\u0142a zarz\u0105d sp&oacute;\u0142ki: p.o. prezesa Piotra Farfa\u0142a, prezesa Andrzeja Urba\u0144skiego oraz S\u0142awomira Siwka i Marcina Bochenka.","protected":false},"author":1,"featured_media":33481,"comment_status":"open","ping_status":"closed","sticky":false,"template":"","format":"standard","meta":{"csco_display_header_overlay":false,"csco_singular_sidebar":"","csco_page_header_type":"","csco_page_load_nextpost":"","csco_post_video_location":[],"csco_post_video_location_hash":"","csco_post_video_url":"","csco_post_video_bg_start_time":0,"csco_post_video_bg_end_time":0,"footnotes":""},"categories":[9670],"tags":[392],"class_list":{"0":"post-33480","1":"post","2":"type-post","3":"status-publish","4":"format-standard","5":"has-post-thumbnail","7":"category-tv","8":"tag-tvp","9":"cs-entry","10":"cs-video-wrap"},"_links":{"self":[{"href":"https:\/\/mediarun.com\/pl\/wp-json\/wp\/v2\/posts\/33480","targetHints":{"allow":["GET"]}}],"collection":[{"href":"https:\/\/mediarun.com\/pl\/wp-json\/wp\/v2\/posts"}],"about":[{"href":"https:\/\/mediarun.com\/pl\/wp-json\/wp\/v2\/types\/post"}],"author":[{"embeddable":true,"href":"https:\/\/mediarun.com\/pl\/wp-json\/wp\/v2\/users\/1"}],"replies":[{"embeddable":true,"href":"https:\/\/mediarun.com\/pl\/wp-json\/wp\/v2\/comments?post=33480"}],"version-history":[{"count":0,"href":"https:\/\/mediarun.com\/pl\/wp-json\/wp\/v2\/posts\/33480\/revisions"}],"wp:featuredmedia":[{"embeddable":true,"href":"https:\/\/mediarun.com\/pl\/wp-json\/wp\/v2\/media\/33481"}],"wp:attachment":[{"href":"https:\/\/mediarun.com\/pl\/wp-json\/wp\/v2\/media?parent=33480"}],"wp:term":[{"taxonomy":"category","embeddable":true,"href":"https:\/\/mediarun.com\/pl\/wp-json\/wp\/v2\/categories?post=33480"},{"taxonomy":"post_tag","embeddable":true,"href":"https:\/\/mediarun.com\/pl\/wp-json\/wp\/v2\/tags?post=33480"}],"curies":[{"name":"wp","href":"https:\/\/api.w.org\/{rel}","templated":true}]}}