{"id":33444,"date":"2009-09-21T14:47:55","date_gmt":"2009-09-21T12:47:55","guid":{"rendered":"https:\/\/mediarun.com\/index.php\/news-posts\/tvp-nie-lubi-ackiego\/"},"modified":"2009-09-21T14:47:55","modified_gmt":"2009-09-21T12:47:55","slug":"tvp-nie-lubi-ackiego","status":"publish","type":"post","link":"https:\/\/mediarun.com\/pl\/media\/tv\/tvp-nie-lubi-ackiego.html","title":{"rendered":"TVP nie lubi \u0104ckiego"},"content":{"rendered":"<p>&#8211; Telewizja Polska S.A. wyra\u017ca oburzenie z powodu nieprofesjonalnego zachowania dziennikarzy stacji TVN, kt&oacute;rzy 21 wrze\u015bnia przed budynkiem telewizji publicznej, kosztem z\u0142amania wprowadzonej rano \u017ca\u0142oby narodowej, zdobywali &#8222;chwytliwy&#8221; materia\u0142 do programu &#8222;Szymon Majewski Show&#8221; &#8211; czytamy w oficjalnym komunikacie TVP.<\/p>\n<p>Publiczny nadawca krytykuje zachowanie Szymona Majewskiego, kt&oacute;ry pojawi\u0142 si\u0119 na Woronicza przebrany za \u0118dwarda \u0104ckiego.<\/p>\n<p>\u0104cki podczas poniedzia\u0142kowgo happeningu o\u015bwiadczy\u0142 zebranym przed gmachem dziennikarzom, \u017ce to on zasi\u0105dzie w fotelu prezesa &#8222;bo tak kaza\u0142a mu mama&#8221;. Przedstawi\u0142 tak\u017ce dwa dokumenty: o tym, \u017ce zosta\u0142 przyj\u0119ty do pracy w telewizji oraz za\u015bwiadczenie, \u017ce mo\u017ce pracowa\u0107 w trudnych warunkach. Na koniec, na znak swojej w\u0142adzy na Woronicza umy\u0142 nogi w pobliskiej fontannie.<\/p>\n<p>Oburzone zaistnia\u0142\u0105 sytauacj\u0105 w\u0142adze TVP zwr&oacute;ci\u0142y si\u0119 do Rady Etyki Medi&oacute;w o zaj\u0119cie stosownego stanowiska w tej sprawie.<\/p>\n<p>W poniedzia\u0142ek 21 wrze\u015bnia o godz. 6.00 w ca\u0142ym kraju rozpocz\u0119\u0142a si\u0119 dwudniowa \u017ca\u0142oba narodowa, og\u0142oszona przez prezydenta Lecha Kaczy\u0144skiego w zwi\u0105zku z pi\u0105tkow\u0105 katastrof\u0105 w kopalni &#8222;Wujek-\u015al\u0105sk&#8221;.<\/p>\n","protected":false},"excerpt":{"rendered":"Zdaniem TVP dziennikarze telewizji TVN nie uszanowali trwaj\u0105cej w kraju \u017ca\u0142oby narodowej.","protected":false},"author":1,"featured_media":33445,"comment_status":"open","ping_status":"closed","sticky":false,"template":"","format":"standard","meta":{"csco_display_header_overlay":false,"csco_singular_sidebar":"","csco_page_header_type":"","csco_page_load_nextpost":"","csco_post_video_location":[],"csco_post_video_location_hash":"","csco_post_video_url":"","csco_post_video_bg_start_time":0,"csco_post_video_bg_end_time":0,"footnotes":""},"categories":[9670],"tags":[98,392],"class_list":{"0":"post-33444","1":"post","2":"type-post","3":"status-publish","4":"format-standard","5":"has-post-thumbnail","7":"category-tv","8":"tag-tvn","9":"tag-tvp","10":"cs-entry","11":"cs-video-wrap"},"_links":{"self":[{"href":"https:\/\/mediarun.com\/pl\/wp-json\/wp\/v2\/posts\/33444","targetHints":{"allow":["GET"]}}],"collection":[{"href":"https:\/\/mediarun.com\/pl\/wp-json\/wp\/v2\/posts"}],"about":[{"href":"https:\/\/mediarun.com\/pl\/wp-json\/wp\/v2\/types\/post"}],"author":[{"embeddable":true,"href":"https:\/\/mediarun.com\/pl\/wp-json\/wp\/v2\/users\/1"}],"replies":[{"embeddable":true,"href":"https:\/\/mediarun.com\/pl\/wp-json\/wp\/v2\/comments?post=33444"}],"version-history":[{"count":0,"href":"https:\/\/mediarun.com\/pl\/wp-json\/wp\/v2\/posts\/33444\/revisions"}],"wp:featuredmedia":[{"embeddable":true,"href":"https:\/\/mediarun.com\/pl\/wp-json\/wp\/v2\/media\/33445"}],"wp:attachment":[{"href":"https:\/\/mediarun.com\/pl\/wp-json\/wp\/v2\/media?parent=33444"}],"wp:term":[{"taxonomy":"category","embeddable":true,"href":"https:\/\/mediarun.com\/pl\/wp-json\/wp\/v2\/categories?post=33444"},{"taxonomy":"post_tag","embeddable":true,"href":"https:\/\/mediarun.com\/pl\/wp-json\/wp\/v2\/tags?post=33444"}],"curies":[{"name":"wp","href":"https:\/\/api.w.org\/{rel}","templated":true}]}}