{"id":33286,"date":"2009-09-24T14:50:11","date_gmt":"2009-09-24T12:50:11","guid":{"rendered":"https:\/\/mediarun.com\/index.php\/news-posts\/tvp-nie-chce-juz-lisa\/"},"modified":"2009-09-24T14:50:11","modified_gmt":"2009-09-24T12:50:11","slug":"tvp-nie-chce-juz-lisa","status":"publish","type":"post","link":"https:\/\/mediarun.com\/pl\/media\/tv\/tvp-nie-chce-juz-lisa.html","title":{"rendered":"TVP nie chce ju\u017c Lisa"},"content":{"rendered":"<p>Telewizja Polska podpisa\u0142a z Tomaszem Lisem umow\u0119 na 80 odcink&oacute;w, czyli dwa lata obecno\u015bci na antenie TVP2. Decyzj\u0119 o nieprzed\u0142u\u017ceniu kontraktu podj\u0105\u0142 p.o. prezesa Piotr Farfa\u0142, ale tak\u017ce Bogus\u0142aw Szwedo, wybrany niedawno na szefa TVP przez now\u0105 rad\u0119 nadzorcz\u0105, rozwa\u017ca tak\u0105 mo\u017cliwo\u015b\u0107.<\/p>\n<p>Barbara Hrybacz, wydawca programu &#8222;Tomasz Lis na \u017cywo&#8221;, nie chce komentowa\u0107 tych informacji.<\/p>\n<p>Program publicystyczny Lisa, emitowany w TVP2 od 7 wrze\u015bnia br. w poniedzia\u0142ki o 21.40, gromadzi\u0142 \u015brednio 2,5 mln widz&oacute;w &#8211; o 800 tys. mniej, ni\u017c w tym samym okresie ub.r. Spad\u0142 tak\u017ce udzia\u0142 programu w rynku: z 27,95 do 21,14 proc. &#8211; wynika z danych AGB Nielsen Media Research po emisji trzech odcink&oacute;w.<\/p>\n","protected":false},"excerpt":{"rendered":"Program &#8222;Tomasz Lis na \u017cywo&#8221; wypadnie z ram&oacute;wki Dw&oacute;jki na pocz\u0105tku 2010 r. &#8211; informuje Newsweek.pl.","protected":false},"author":1,"featured_media":33287,"comment_status":"open","ping_status":"closed","sticky":false,"template":"","format":"standard","meta":{"csco_display_header_overlay":false,"csco_singular_sidebar":"","csco_page_header_type":"","csco_page_load_nextpost":"","csco_post_video_location":[],"csco_post_video_location_hash":"","csco_post_video_url":"","csco_post_video_bg_start_time":0,"csco_post_video_bg_end_time":0,"footnotes":""},"categories":[9670],"tags":[610],"class_list":{"0":"post-33286","1":"post","2":"type-post","3":"status-publish","4":"format-standard","5":"has-post-thumbnail","7":"category-tv","8":"tag-tvp2","9":"cs-entry","10":"cs-video-wrap"},"_links":{"self":[{"href":"https:\/\/mediarun.com\/pl\/wp-json\/wp\/v2\/posts\/33286","targetHints":{"allow":["GET"]}}],"collection":[{"href":"https:\/\/mediarun.com\/pl\/wp-json\/wp\/v2\/posts"}],"about":[{"href":"https:\/\/mediarun.com\/pl\/wp-json\/wp\/v2\/types\/post"}],"author":[{"embeddable":true,"href":"https:\/\/mediarun.com\/pl\/wp-json\/wp\/v2\/users\/1"}],"replies":[{"embeddable":true,"href":"https:\/\/mediarun.com\/pl\/wp-json\/wp\/v2\/comments?post=33286"}],"version-history":[{"count":0,"href":"https:\/\/mediarun.com\/pl\/wp-json\/wp\/v2\/posts\/33286\/revisions"}],"wp:featuredmedia":[{"embeddable":true,"href":"https:\/\/mediarun.com\/pl\/wp-json\/wp\/v2\/media\/33287"}],"wp:attachment":[{"href":"https:\/\/mediarun.com\/pl\/wp-json\/wp\/v2\/media?parent=33286"}],"wp:term":[{"taxonomy":"category","embeddable":true,"href":"https:\/\/mediarun.com\/pl\/wp-json\/wp\/v2\/categories?post=33286"},{"taxonomy":"post_tag","embeddable":true,"href":"https:\/\/mediarun.com\/pl\/wp-json\/wp\/v2\/tags?post=33286"}],"curies":[{"name":"wp","href":"https:\/\/api.w.org\/{rel}","templated":true}]}}