{"id":33264,"date":"2009-09-25T11:24:05","date_gmt":"2009-09-25T09:24:05","guid":{"rendered":"https:\/\/mediarun.com\/index.php\/news-posts\/k2-kulturalnie-dla-najmlodszych\/"},"modified":"2009-09-25T11:24:05","modified_gmt":"2009-09-25T09:24:05","slug":"k2-kulturalnie-dla-najmlodszych","status":"publish","type":"post","link":"https:\/\/mediarun.com\/pl\/digital\/internet\/k2-kulturalnie-dla-najmlodszych.html","title":{"rendered":"K2 kulturalnie dla najm\u0142odszych"},"content":{"rendered":"<p>Nowy serwis MKiDN <a rel=\"nofollow noopener\" href=\"http:\/\/www.kula.gov.pl\" target=\"_blank\">www.kula.gov.pl<\/a> to pierwsza tego typu inicjatywa na \u015bwiecie. Jest ona po\u015bwi\u0119cona polskiej kulturze i historii, kt&oacute;r\u0105 w lekki i zabawny spos&oacute;b ma przybli\u017ca\u0107 najm\u0142odszym u\u017cytkownikom internetu. To tak\u017ce narz\u0119dzie kszta\u0142tuj\u0105ce \u015bwiadomo\u015b\u0107 kulturow\u0105 m\u0142odych internaut&oacute;w oraz porz\u0105dkuj\u0105ce wiedz\u0119 na temat polsko\u015bci i dziedzictwa kulturowego.<\/p>\n<p>Strona zawiera r&oacute;wnie\u017c pomoce dla rodzic&oacute;w i nauczycieli, kt&oacute;re mog\u0105 pos\u0142u\u017cy\u0107 do prowadzenia lekcji w przedszkolach i zer&oacute;wkach. Pr&oacute;cz mo\u017cliwo\u015bci wys\u0142uchania opowie\u015bci zaproponowano tak\u017ce im uk\u0142adanki, gry, malowanki, przepisy na dobr\u0105 zabaw\u0119, zach\u0119caj\u0105ce do interakcji.<\/p>\n<p>W serwisie rodzice mog\u0105 znale\u017a\u0107 pomocne materia\u0142y do wycieczek w\u0142asnych czy lekcji. Na stronie <a rel=\"nofollow noopener\" href=\"http:\/\/www.kula.gov.pl\" target=\"_blank\">www.kula.gov.pl<\/a> jest kolorowo, pastelowo, przyjemnie dla oka i ucha. Mo\u017cna zwiedza\u0107, rysowa\u0107, gra\u0107 i s\u0142ucha\u0107. Dziecko ma mo\u017cliwo\u015b\u0107 wyprawi\u0107 si\u0119 do jednego z polskich miast (Warszawa, Krak&oacute;w, Gda\u0144sk, Wroc\u0142aw, Toru\u0144, \u017belazowa Wola), by pozna\u0107 najbardziej charakterystyczne dla niego postaci i obiekty, funkcjonuj\u0105ce w nim instytucje kultury oraz zapozna\u0107 si\u0119 z legendami i bajkami zwi\u0105zanymi z wybranym miejscem (dla ka\u017cdego z obszar&oacute;w jest zarezerwowany inny zestaw rozrywek). A w wyprawie tej towarzysz\u0105 najm\u0142odszym Kulka i Kulek, kt&oacute;rym g\u0142osu u\u017cyczyli aktorzy Maja Ostaszewska i Wojciech Malajkat.<\/p>\n<p>Wprowadzenie projektu poprzedzi\u0142y konsultacje przedstawicieli MKiDN z psychologami dzieci\u0119cymi i rodzicami. W prace nad serwisem zaanga\u017cowany by\u0142 te\u017c zesp&oacute;\u0142 specjalist&oacute;w: za szat\u0119 graficzn\u0105 odpowiada\u0142a znana ilustratorka ksi\u0105\u017cek dla dzieci &#8211; Joanna Zagner, za stron\u0119 literack\u0105 pisarka &#8211; Beata Ostrowicka, autorka ksi\u0105\u017cek dla dzieci i m\u0142odzie\u017cy.<\/p>\n","protected":false},"excerpt":{"rendered":"K2 we wsp&oacute;\u0142pracy z Ministerstwa Kultury i Dziedzictwa Narodowego zrealizowa\u0142a edukacyjno-kulturalny serwis dla najm\u0142odszych odbiorc&oacute;w internetu.","protected":false},"author":1,"featured_media":33265,"comment_status":"open","ping_status":"closed","sticky":false,"template":"","format":"standard","meta":{"csco_display_header_overlay":false,"csco_singular_sidebar":"","csco_page_header_type":"","csco_page_load_nextpost":"","csco_post_video_location":[],"csco_post_video_location_hash":"","csco_post_video_url":"","csco_post_video_bg_start_time":0,"csco_post_video_bg_end_time":0,"footnotes":""},"categories":[9676],"tags":[48],"class_list":{"0":"post-33264","1":"post","2":"type-post","3":"status-publish","4":"format-standard","5":"has-post-thumbnail","7":"category-internet","8":"tag-k2","9":"cs-entry","10":"cs-video-wrap"},"_links":{"self":[{"href":"https:\/\/mediarun.com\/pl\/wp-json\/wp\/v2\/posts\/33264","targetHints":{"allow":["GET"]}}],"collection":[{"href":"https:\/\/mediarun.com\/pl\/wp-json\/wp\/v2\/posts"}],"about":[{"href":"https:\/\/mediarun.com\/pl\/wp-json\/wp\/v2\/types\/post"}],"author":[{"embeddable":true,"href":"https:\/\/mediarun.com\/pl\/wp-json\/wp\/v2\/users\/1"}],"replies":[{"embeddable":true,"href":"https:\/\/mediarun.com\/pl\/wp-json\/wp\/v2\/comments?post=33264"}],"version-history":[{"count":0,"href":"https:\/\/mediarun.com\/pl\/wp-json\/wp\/v2\/posts\/33264\/revisions"}],"wp:featuredmedia":[{"embeddable":true,"href":"https:\/\/mediarun.com\/pl\/wp-json\/wp\/v2\/media\/33265"}],"wp:attachment":[{"href":"https:\/\/mediarun.com\/pl\/wp-json\/wp\/v2\/media?parent=33264"}],"wp:term":[{"taxonomy":"category","embeddable":true,"href":"https:\/\/mediarun.com\/pl\/wp-json\/wp\/v2\/categories?post=33264"},{"taxonomy":"post_tag","embeddable":true,"href":"https:\/\/mediarun.com\/pl\/wp-json\/wp\/v2\/tags?post=33264"}],"curies":[{"name":"wp","href":"https:\/\/api.w.org\/{rel}","templated":true}]}}