{"id":33218,"date":"2009-09-28T12:32:21","date_gmt":"2009-09-28T10:32:21","guid":{"rendered":"https:\/\/mediarun.com\/index.php\/news-posts\/polskie-radio-nagrodzone-w-turynie\/"},"modified":"2009-09-28T12:32:21","modified_gmt":"2009-09-28T10:32:21","slug":"polskie-radio-nagrodzone-w-turynie","status":"publish","type":"post","link":"https:\/\/mediarun.com\/pl\/media\/radio\/polskie-radio-nagrodzone-w-turynie.html","title":{"rendered":"Polskie Radio nagrodzone w Turynie"},"content":{"rendered":"<p>W sobot\u0119 wieczorem, 26 wrze\u015bnia, podczas uroczystej gali w Turynie, zosta\u0142y wr\u0119czone Prix Italia 2009.<\/p>\n<p>Spo\u015br&oacute;d audycji, nades\u0142anych przez polskie rozg\u0142o\u015bnie radiowe, nagrody otrzyma\u0142y dwie: dokument Studia Reporta\u017cu i Dokumentu Polskiego Radia pt. &#8222;WINna &#8211; nieWINna&#8221; autorstwa Patrycji Gruszy\u0144skiej-Ruman (kategoria &#8222;Reporta\u017c&#8221;) oraz audycja Doroty Ha\u0142asy i Katarzyny Michalak z Polskiego Radia Lublin pt. &#8222;Modlitwa zapomnianej&#8221; (kategoria &#8222;Audycja o muzyce&#8221;).<\/p>\n<p>Prix Italia to najstarszy i najbardziej presti\u017cowy konkurs dla tw&oacute;rc&oacute;w, odbywaj\u0105cy si\u0119 od 1948 r. W tym roku rozpocz\u0105\u0142 si\u0119 20 wrze\u015bnia w Turynie, bierze w nim udzia\u0142 87 rozg\u0142o\u015bni publicznych i prywatnych z 46 kraj&oacute;w z 5 kontynent&oacute;w. Polsk\u0105 radiofoni\u0119 reprezentowa\u0142y 4 produkcje radiowe oraz 2 internetowe.<\/p>\n","protected":false},"excerpt":{"rendered":"Dwie audycje Polskiego Radia zosta\u0142y nagrodzone Prix Italia 2009, zwanymi &#8222;radiowymi Oscarami&#8221;.","protected":false},"author":1,"featured_media":33219,"comment_status":"open","ping_status":"closed","sticky":false,"template":"","format":"standard","meta":{"csco_display_header_overlay":false,"csco_singular_sidebar":"","csco_page_header_type":"","csco_page_load_nextpost":"","csco_post_video_location":[],"csco_post_video_location_hash":"","csco_post_video_url":"","csco_post_video_bg_start_time":0,"csco_post_video_bg_end_time":0,"footnotes":""},"categories":[9672],"tags":[405],"class_list":{"0":"post-33218","1":"post","2":"type-post","3":"status-publish","4":"format-standard","5":"has-post-thumbnail","7":"category-radio","8":"tag-polskie-radio","9":"cs-entry","10":"cs-video-wrap"},"_links":{"self":[{"href":"https:\/\/mediarun.com\/pl\/wp-json\/wp\/v2\/posts\/33218","targetHints":{"allow":["GET"]}}],"collection":[{"href":"https:\/\/mediarun.com\/pl\/wp-json\/wp\/v2\/posts"}],"about":[{"href":"https:\/\/mediarun.com\/pl\/wp-json\/wp\/v2\/types\/post"}],"author":[{"embeddable":true,"href":"https:\/\/mediarun.com\/pl\/wp-json\/wp\/v2\/users\/1"}],"replies":[{"embeddable":true,"href":"https:\/\/mediarun.com\/pl\/wp-json\/wp\/v2\/comments?post=33218"}],"version-history":[{"count":0,"href":"https:\/\/mediarun.com\/pl\/wp-json\/wp\/v2\/posts\/33218\/revisions"}],"wp:featuredmedia":[{"embeddable":true,"href":"https:\/\/mediarun.com\/pl\/wp-json\/wp\/v2\/media\/33219"}],"wp:attachment":[{"href":"https:\/\/mediarun.com\/pl\/wp-json\/wp\/v2\/media?parent=33218"}],"wp:term":[{"taxonomy":"category","embeddable":true,"href":"https:\/\/mediarun.com\/pl\/wp-json\/wp\/v2\/categories?post=33218"},{"taxonomy":"post_tag","embeddable":true,"href":"https:\/\/mediarun.com\/pl\/wp-json\/wp\/v2\/tags?post=33218"}],"curies":[{"name":"wp","href":"https:\/\/api.w.org\/{rel}","templated":true}]}}