{"id":33172,"date":"2009-09-29T10:30:47","date_gmt":"2009-09-29T08:30:47","guid":{"rendered":"https:\/\/mediarun.com\/index.php\/news-posts\/grupa-rmf-wycofuje-sie-z-ukrainy\/"},"modified":"2009-09-29T10:30:47","modified_gmt":"2009-09-29T08:30:47","slug":"grupa-rmf-wycofuje-sie-z-ukrainy","status":"publish","type":"post","link":"https:\/\/mediarun.com\/pl\/media\/radio\/grupa-rmf-wycofuje-sie-z-ukrainy.html","title":{"rendered":"Grupa RMF wycofuje si\u0119 z Ukrainy"},"content":{"rendered":"<p>25 wrze\u015bnia radiowa Grupa RMF sprzeda\u0142a prywatnemu inwestorowi ukrai\u0144skiemu swoj\u0105 sie\u0107 radiow\u0105 Radio 4U. &#8211; Sukces Radia 4U spowodowa\u0142, \u017ce musieli\u015bmy zdecydowa\u0107, czy kontynuowa\u0107 ekspansj\u0119 na wi\u0119ksz\u0105 skal\u0119, na terenie ca\u0142ej Ukrainy, czy te\u017c wycofa\u0107 si\u0119 z tego rynku. Wybrali\u015bmy to drugie rozwi\u0105zanie ze wzgl\u0119du zar&oacute;wno na g\u0142\u0119boki kryzys gospodarczy jak i na brak przejrzystych zasad obrotu gospodarczego na Ukrainie. Ryzyko ekonomiczne by\u0142o za du\u017ce, a otrzymana oferta wyj\u0105tkowo atrakcyjna &#8211; t\u0142umaczy Kazimierz Gr&oacute;dek, prezes Grupy RMF.<\/p>\n<p>Wi\u0119cej na <a href=\"http:\/\/http:\/\/www.rzeczpospolita.pl\/\">http:\/\/www.rzeczpospolita.pl\/<\/a><\/p>\n","protected":false},"excerpt":{"rendered":"Jedna z najwi\u0119kszych radiowych grup w Polsce sprzeda\u0142a sie\u0107 Radio 4U na Ukrainie. Powodem jest m.in. kryzys gospodarczy.","protected":false},"author":1,"featured_media":33173,"comment_status":"open","ping_status":"closed","sticky":false,"template":"","format":"standard","meta":{"csco_display_header_overlay":false,"csco_singular_sidebar":"","csco_page_header_type":"","csco_page_load_nextpost":"","csco_post_video_location":[],"csco_post_video_location_hash":"","csco_post_video_url":"","csco_post_video_bg_start_time":0,"csco_post_video_bg_end_time":0,"footnotes":""},"categories":[9672],"tags":[298],"class_list":{"0":"post-33172","1":"post","2":"type-post","3":"status-publish","4":"format-standard","5":"has-post-thumbnail","7":"category-radio","8":"tag-rmf-fm","9":"cs-entry","10":"cs-video-wrap"},"_links":{"self":[{"href":"https:\/\/mediarun.com\/pl\/wp-json\/wp\/v2\/posts\/33172","targetHints":{"allow":["GET"]}}],"collection":[{"href":"https:\/\/mediarun.com\/pl\/wp-json\/wp\/v2\/posts"}],"about":[{"href":"https:\/\/mediarun.com\/pl\/wp-json\/wp\/v2\/types\/post"}],"author":[{"embeddable":true,"href":"https:\/\/mediarun.com\/pl\/wp-json\/wp\/v2\/users\/1"}],"replies":[{"embeddable":true,"href":"https:\/\/mediarun.com\/pl\/wp-json\/wp\/v2\/comments?post=33172"}],"version-history":[{"count":0,"href":"https:\/\/mediarun.com\/pl\/wp-json\/wp\/v2\/posts\/33172\/revisions"}],"wp:featuredmedia":[{"embeddable":true,"href":"https:\/\/mediarun.com\/pl\/wp-json\/wp\/v2\/media\/33173"}],"wp:attachment":[{"href":"https:\/\/mediarun.com\/pl\/wp-json\/wp\/v2\/media?parent=33172"}],"wp:term":[{"taxonomy":"category","embeddable":true,"href":"https:\/\/mediarun.com\/pl\/wp-json\/wp\/v2\/categories?post=33172"},{"taxonomy":"post_tag","embeddable":true,"href":"https:\/\/mediarun.com\/pl\/wp-json\/wp\/v2\/tags?post=33172"}],"curies":[{"name":"wp","href":"https:\/\/api.w.org\/{rel}","templated":true}]}}