{"id":3297,"date":"2012-12-12T18:21:35","date_gmt":"2012-12-12T17:21:35","guid":{"rendered":"https:\/\/mediarun.com\/index.php\/news-posts\/soltysinska-szefowa-agencji-pr-livebrand-communications\/"},"modified":"2015-03-17T10:29:51","modified_gmt":"2015-03-17T10:29:51","slug":"soltysinska-szefowa-agencji-pr-livebrand-communications","status":"publish","type":"post","link":"https:\/\/mediarun.com\/pl\/ludzie\/kariera\/soltysinska-szefowa-agencji-pr-livebrand-communications.html","title":{"rendered":"So\u0142tysi\u0144ska  szefow\u0105 agencji PR Livebrand Communications"},"content":{"rendered":"<p>Barbara So\u0142tysi\u0144ska przez prawie 6 lat by\u0142a zwi\u0105zana by\u0142a z Grup\u0105 MSL &#8211; najpierw z Ciszewski MSL jako Dyrektor Strategiczny i Zast\u0119pca Dyrektora Zarz\u0105dzaj\u0105cego, a p&oacute;\u017aniej odpowiada\u0142a za agencj\u0119 MSL Warsaw.<\/p>\n<p>Zajmowa\u0142a si\u0119 rozwojem firmy, wdra\u017caniem nowych us\u0142ug, tworzeniem strategii komunikacji dla klient&oacute;w agencji oraz wsparciem kluczowych klient&oacute;w. Projekty, kt&oacute;re realizowa\u0142a i nadzorowa\u0142a zosta\u0142y uhonorowane licznymi nagrodami &#8211; polskimi i mi\u0119dzynarodowymi m.in. Z\u0142otymi Spinaczami, nagrodami Golden Drum, tytu\u0142em Projektu PR Roku, Magellan Award, Sabre Awards, Kreatur\u0105 i innymi.<\/p>\n<p>Swoj\u0105 wiedz\u0105 dzieli si\u0119 podczas prowadzonych szkole\u0144 oraz wyk\u0142ad&oacute;w m.in. na Uniwersytecie Warszawskim. Jest absolwentk\u0105 Wydzia\u0142u Dziennikarstwa i Nauk Politycznych na Uniwersytecie Warszawskim oraz Warszawskiej Szko\u0142y Reklamy.<\/p>\n<p>Oferta nowej firmy obejmuje projektowanie strategii dzia\u0142a\u0144 PR i dob&oacute;r narz\u0119dzi realnie anga\u017cuj\u0105cych grupy docelowe w komunikacji produktowej, zarz\u0105dzaniu wizerunkiem firm i ich lider&oacute;w, dzia\u0142aniach CSR, komunikacji wewn\u0119trznej i employer brandingu, a tak\u017ce dzia\u0142aniach guerillowych i ambushowych oraz komunikacji kryzysowej i public affairs.<\/p>\n<p>Agencja oferuje swoje us\u0142ugi  m.in. w obszarze bran\u017cy FMCG, lifestyle&#8217;owej, nowych technologii, farmaceutycznej, chemicznej, motoryzacyjnej, energetycznej  oraz  sportowej.<\/p>\n<p>Livebrand Communications uzupe\u0142nia kompetencje sp&oacute;\u0142ki Livebrand Social Media, nale\u017c\u0105cej do Grupy G7 Media, istniej\u0105cej od 4 lat na rynku i pracuj\u0105cej m.in. dla Grupy Lux Med, marki Mentos, Parady\u017c czy Banku BPH.<\/p>\n","protected":false},"excerpt":{"rendered":"Barbara So\u0142tysi\u0144ska zosta\u0142a prezesem nowo utworzonej agencji Livebrand Communications.","protected":false},"author":1,"featured_media":3298,"comment_status":"open","ping_status":"closed","sticky":false,"template":"","format":"standard","meta":{"csco_display_header_overlay":false,"csco_singular_sidebar":"","csco_page_header_type":"","csco_page_load_nextpost":"","csco_post_video_location":[],"csco_post_video_location_hash":"","csco_post_video_url":"","csco_post_video_bg_start_time":0,"csco_post_video_bg_end_time":0,"footnotes":""},"categories":[5909],"tags":[707],"class_list":{"0":"post-3297","1":"post","2":"type-post","3":"status-publish","4":"format-standard","5":"has-post-thumbnail","7":"category-kariera","8":"tag-pr-livebrand-communications","9":"cs-entry","10":"cs-video-wrap"},"_links":{"self":[{"href":"https:\/\/mediarun.com\/pl\/wp-json\/wp\/v2\/posts\/3297","targetHints":{"allow":["GET"]}}],"collection":[{"href":"https:\/\/mediarun.com\/pl\/wp-json\/wp\/v2\/posts"}],"about":[{"href":"https:\/\/mediarun.com\/pl\/wp-json\/wp\/v2\/types\/post"}],"author":[{"embeddable":true,"href":"https:\/\/mediarun.com\/pl\/wp-json\/wp\/v2\/users\/1"}],"replies":[{"embeddable":true,"href":"https:\/\/mediarun.com\/pl\/wp-json\/wp\/v2\/comments?post=3297"}],"version-history":[{"count":0,"href":"https:\/\/mediarun.com\/pl\/wp-json\/wp\/v2\/posts\/3297\/revisions"}],"wp:featuredmedia":[{"embeddable":true,"href":"https:\/\/mediarun.com\/pl\/wp-json\/wp\/v2\/media\/3298"}],"wp:attachment":[{"href":"https:\/\/mediarun.com\/pl\/wp-json\/wp\/v2\/media?parent=3297"}],"wp:term":[{"taxonomy":"category","embeddable":true,"href":"https:\/\/mediarun.com\/pl\/wp-json\/wp\/v2\/categories?post=3297"},{"taxonomy":"post_tag","embeddable":true,"href":"https:\/\/mediarun.com\/pl\/wp-json\/wp\/v2\/tags?post=3297"}],"curies":[{"name":"wp","href":"https:\/\/api.w.org\/{rel}","templated":true}]}}