{"id":3256,"date":"2012-12-13T18:12:17","date_gmt":"2012-12-13T17:12:17","guid":{"rendered":"https:\/\/mediarun.com\/index.php\/news-posts\/wleklik-wzmocni-dzial-social-media-w-cormedia\/"},"modified":"2015-03-17T10:29:48","modified_gmt":"2015-03-17T10:29:48","slug":"wleklik-wzmocni-dzial-social-media-w-cormedia","status":"publish","type":"post","link":"https:\/\/mediarun.com\/pl\/ludzie\/kariera\/wleklik-wzmocni-dzial-social-media-w-cormedia.html","title":{"rendered":"Wleklik wzmocni dzia\u0142 Social Media w Cormedia"},"content":{"rendered":"<p>Zakres jej obowi\u0105zk&oacute;w obejmowa\u0107 b\u0119dzie przygotowywanie strategii komunikacji za po\u015brednictwem serwis&oacute;w spo\u0142eczno\u015bciowych, a tak\u017ce bie\u017c\u0105c\u0105 obs\u0142ug\u0119 projekt&oacute;w prowadzonych przez firm\u0119.<\/p>\n<p>Zawodowe do\u015bwiadczenie Karolina Wleklik zdobywa\u0142a pracuj\u0105c w agencji Kostrzewa PR, gdzie poznawa\u0142a tajniki pracy z mediami, w tym r&oacute;wnie\u017c spo\u0142eczno\u015bciowymi, wsp&oacute;\u0142pracy z klientami oraz zasady tworzenia wizerunku firm deweloperskich.<\/p>\n<p>&nbsp;<\/p>\n","protected":false},"excerpt":{"rendered":"W grudniu Karolina Wleklik obj\u0119\u0142a stanowisko Specjalisty ds. Medi&oacute;w Spo\u0142eczno\u015bciowych w Cormedia.","protected":false},"author":1,"featured_media":3257,"comment_status":"open","ping_status":"closed","sticky":false,"template":"","format":"standard","meta":{"csco_display_header_overlay":false,"csco_singular_sidebar":"","csco_page_header_type":"","csco_page_load_nextpost":"","csco_post_video_location":[],"csco_post_video_location_hash":"","csco_post_video_url":"","csco_post_video_bg_start_time":0,"csco_post_video_bg_end_time":0,"footnotes":""},"categories":[5909],"tags":[697],"class_list":{"0":"post-3256","1":"post","2":"type-post","3":"status-publish","4":"format-standard","5":"has-post-thumbnail","7":"category-kariera","8":"tag-cormedia","9":"cs-entry","10":"cs-video-wrap"},"_links":{"self":[{"href":"https:\/\/mediarun.com\/pl\/wp-json\/wp\/v2\/posts\/3256","targetHints":{"allow":["GET"]}}],"collection":[{"href":"https:\/\/mediarun.com\/pl\/wp-json\/wp\/v2\/posts"}],"about":[{"href":"https:\/\/mediarun.com\/pl\/wp-json\/wp\/v2\/types\/post"}],"author":[{"embeddable":true,"href":"https:\/\/mediarun.com\/pl\/wp-json\/wp\/v2\/users\/1"}],"replies":[{"embeddable":true,"href":"https:\/\/mediarun.com\/pl\/wp-json\/wp\/v2\/comments?post=3256"}],"version-history":[{"count":0,"href":"https:\/\/mediarun.com\/pl\/wp-json\/wp\/v2\/posts\/3256\/revisions"}],"wp:featuredmedia":[{"embeddable":true,"href":"https:\/\/mediarun.com\/pl\/wp-json\/wp\/v2\/media\/3257"}],"wp:attachment":[{"href":"https:\/\/mediarun.com\/pl\/wp-json\/wp\/v2\/media?parent=3256"}],"wp:term":[{"taxonomy":"category","embeddable":true,"href":"https:\/\/mediarun.com\/pl\/wp-json\/wp\/v2\/categories?post=3256"},{"taxonomy":"post_tag","embeddable":true,"href":"https:\/\/mediarun.com\/pl\/wp-json\/wp\/v2\/tags?post=3256"}],"curies":[{"name":"wp","href":"https:\/\/api.w.org\/{rel}","templated":true}]}}