{"id":3102,"date":"2012-12-28T15:49:56","date_gmt":"2012-12-28T14:49:56","guid":{"rendered":"https:\/\/mediarun.com\/index.php\/news-posts\/sylwester-i-nowy-rok-z-eska-tv\/"},"modified":"2012-12-28T15:49:56","modified_gmt":"2012-12-28T14:49:56","slug":"sylwester-i-nowy-rok-z-eska-tv","status":"publish","type":"post","link":"https:\/\/mediarun.com\/pl\/media\/tv\/sylwester-i-nowy-rok-z-eska-tv.html","title":{"rendered":"Sylwester i Nowy Rok z Eska TV"},"content":{"rendered":"<p>W sylwestra, 31 grudnia 2012 roku,o godzinie 18:00, na antenie Eska TV ruszy program &#8222;Gor\u0105ca 100&#8221;.  Setk\u0119 najwi\u0119kszych hit&oacute;w 2012 roku zaprezentuje DJ Puoteck. Program nie b\u0119dzie przerywany reklamami, a prowadz\u0105cemu towarzyszy\u0107 b\u0119d\u0105 muzyczni go\u015bcie. Studio &#8222;Gor\u0105cej 100&#8221; odwiedz\u0105 m.in. Jula, Robert M, Pectus, Mrozu, Wet Fingers. Tomek Lubert i Honey.<\/p>\n<p>Na Nowy Rok Eska TV proponuje swoim telewidzom wspomnienie  wieczoru, gali &#8222;Eska Music Awards 2012&#8221;. Relacj\u0119 z wydarzenia b\u0119dzie mo\u017cna obejrze\u0107 1 stycznia o godzinie 19:00. Gal\u0119 EMA 2012, kt&oacute;ra po raz pierwszy odby\u0142a si\u0119 w Ko\u0142obrzegu, prowadzili Joanna Koroniewska oraz Krzysztof Jankes Jankowski z Radia Eska.<\/p>\n","protected":false},"excerpt":{"rendered":"Kana\u0142 Eska TV zach\u0119ca widz&oacute;w do sp\u0119dzenia sylwestrowej nocy i noworocznego popo\u0142udnia z&nbsp;programami &#8222;Gor\u0105ca 100&#8221; i gala &#8222;Eska Music Awards 2012&#8221;.","protected":false},"author":1,"featured_media":3103,"comment_status":"open","ping_status":"closed","sticky":false,"template":"","format":"standard","meta":{"csco_display_header_overlay":false,"csco_singular_sidebar":"","csco_page_header_type":"","csco_page_load_nextpost":"","csco_post_video_location":[],"csco_post_video_location_hash":"","csco_post_video_url":"","csco_post_video_bg_start_time":0,"csco_post_video_bg_end_time":0,"footnotes":""},"categories":[9670],"tags":[660],"class_list":{"0":"post-3102","1":"post","2":"type-post","3":"status-publish","4":"format-standard","5":"has-post-thumbnail","7":"category-tv","8":"tag-eska-tv","9":"cs-entry","10":"cs-video-wrap"},"_links":{"self":[{"href":"https:\/\/mediarun.com\/pl\/wp-json\/wp\/v2\/posts\/3102","targetHints":{"allow":["GET"]}}],"collection":[{"href":"https:\/\/mediarun.com\/pl\/wp-json\/wp\/v2\/posts"}],"about":[{"href":"https:\/\/mediarun.com\/pl\/wp-json\/wp\/v2\/types\/post"}],"author":[{"embeddable":true,"href":"https:\/\/mediarun.com\/pl\/wp-json\/wp\/v2\/users\/1"}],"replies":[{"embeddable":true,"href":"https:\/\/mediarun.com\/pl\/wp-json\/wp\/v2\/comments?post=3102"}],"version-history":[{"count":0,"href":"https:\/\/mediarun.com\/pl\/wp-json\/wp\/v2\/posts\/3102\/revisions"}],"wp:featuredmedia":[{"embeddable":true,"href":"https:\/\/mediarun.com\/pl\/wp-json\/wp\/v2\/media\/3103"}],"wp:attachment":[{"href":"https:\/\/mediarun.com\/pl\/wp-json\/wp\/v2\/media?parent=3102"}],"wp:term":[{"taxonomy":"category","embeddable":true,"href":"https:\/\/mediarun.com\/pl\/wp-json\/wp\/v2\/categories?post=3102"},{"taxonomy":"post_tag","embeddable":true,"href":"https:\/\/mediarun.com\/pl\/wp-json\/wp\/v2\/tags?post=3102"}],"curies":[{"name":"wp","href":"https:\/\/api.w.org\/{rel}","templated":true}]}}