{"id":3074,"date":"2013-01-02T15:27:48","date_gmt":"2013-01-02T14:27:48","guid":{"rendered":"https:\/\/mediarun.com\/index.php\/news-posts\/kawa-czy-herbata-od-stycznia-w-nowej-odslonie\/"},"modified":"2013-01-02T15:27:48","modified_gmt":"2013-01-02T14:27:48","slug":"kawa-czy-herbata-od-stycznia-w-nowej-odslonie","status":"publish","type":"post","link":"https:\/\/mediarun.com\/pl\/media\/tv\/kawa-czy-herbata-od-stycznia-w-nowej-odslonie.html","title":{"rendered":"&#8222;Kawa czy herbata? od stycznia w nowej ods\u0142onie"},"content":{"rendered":"<p>Od stycznia program &#8222;Kawa czy Herbata?&#8221; pokazywany b\u0119dzie w nowej ods\u0142onie. Codziennie pokazywany b\u0119dzie skr&oacute;t najciekawszych minionych wydarze\u0144 sportowych i prezentowany b\u0119dzie autorski przegl\u0105d prasy. Dzienniki, portale i tygodniki opinii &#8222;czyta\u0107&#8221; b\u0119d\u0105: Tomasz Sekielski, Krzysztof Ziemiec, Maciej Or\u0142o\u015b, Przemys\u0142aw Babiarz i Jerzy Kisielewski. W ka\u017cdym wydaniu &#8222;Kawy czy herbaty?&#8221; widzowie znajd\u0105 poranne &#8222;Wiadomo\u015bci&#8221;, aktualn\u0105 prognoz\u0119 pogody (w wykonaniu m.in. Jaros\u0142awa Kreta) i wiadomo\u015bci sportowe.<\/p>\n<p>&#8222;Kawa czy herbata?&#8221;, emisja programu od poniedzia\u0142ku do pi\u0105tku od godziny 6.00 do 8.00 w TVP1.<\/p>\n<p>&nbsp;<\/p>\n","protected":false},"excerpt":{"rendered":"Od stycznia program \u015bniadaniowy &#8222;Kawa czy herbata?&#8221; zmienia formu\u0142\u0119. Gospodarzami programu od stycznia b\u0119d\u0105 m.in: Beata Tadla, Paulina Chylewska, Maciej Kurzajewski i Pawe\u0142 Pochwa\u0142a.","protected":false},"author":1,"featured_media":3075,"comment_status":"open","ping_status":"closed","sticky":false,"template":"","format":"standard","meta":{"csco_display_header_overlay":false,"csco_singular_sidebar":"","csco_page_header_type":"","csco_page_load_nextpost":"","csco_post_video_location":[],"csco_post_video_location_hash":"","csco_post_video_url":"","csco_post_video_bg_start_time":0,"csco_post_video_bg_end_time":0,"footnotes":""},"categories":[9670],"tags":[558],"class_list":{"0":"post-3074","1":"post","2":"type-post","3":"status-publish","4":"format-standard","5":"has-post-thumbnail","7":"category-tv","8":"tag-tvp1","9":"cs-entry","10":"cs-video-wrap"},"_links":{"self":[{"href":"https:\/\/mediarun.com\/pl\/wp-json\/wp\/v2\/posts\/3074","targetHints":{"allow":["GET"]}}],"collection":[{"href":"https:\/\/mediarun.com\/pl\/wp-json\/wp\/v2\/posts"}],"about":[{"href":"https:\/\/mediarun.com\/pl\/wp-json\/wp\/v2\/types\/post"}],"author":[{"embeddable":true,"href":"https:\/\/mediarun.com\/pl\/wp-json\/wp\/v2\/users\/1"}],"replies":[{"embeddable":true,"href":"https:\/\/mediarun.com\/pl\/wp-json\/wp\/v2\/comments?post=3074"}],"version-history":[{"count":0,"href":"https:\/\/mediarun.com\/pl\/wp-json\/wp\/v2\/posts\/3074\/revisions"}],"wp:featuredmedia":[{"embeddable":true,"href":"https:\/\/mediarun.com\/pl\/wp-json\/wp\/v2\/media\/3075"}],"wp:attachment":[{"href":"https:\/\/mediarun.com\/pl\/wp-json\/wp\/v2\/media?parent=3074"}],"wp:term":[{"taxonomy":"category","embeddable":true,"href":"https:\/\/mediarun.com\/pl\/wp-json\/wp\/v2\/categories?post=3074"},{"taxonomy":"post_tag","embeddable":true,"href":"https:\/\/mediarun.com\/pl\/wp-json\/wp\/v2\/tags?post=3074"}],"curies":[{"name":"wp","href":"https:\/\/api.w.org\/{rel}","templated":true}]}}