{"id":3056,"date":"2013-01-03T15:23:41","date_gmt":"2013-01-03T14:23:41","guid":{"rendered":"https:\/\/mediarun.com\/index.php\/news-posts\/serial-hatfields-mccoys-wojna-klanow-od-11-stycznia-w-axn\/"},"modified":"2013-01-03T15:23:41","modified_gmt":"2013-01-03T14:23:41","slug":"serial-hatfields-mccoys-wojna-klanow-od-11-stycznia-w-axn","status":"publish","type":"post","link":"https:\/\/mediarun.com\/pl\/media\/tv\/serial-hatfields-mccoys-wojna-klanow-od-11-stycznia-w-axn.html","title":{"rendered":"Serial &#8222;Hatfields &#038; McCoys: Wojna klan\u00f3w&#8221; od 11 stycznia w AXN"},"content":{"rendered":"<p>Produkcja zosta\u0142a nominowana do Z\u0142otych Glob&oacute;w w kategorii najlepszego filmu telewizyjnego lub mini serialu, a o statuetk\u0119 najlepszego aktora filmu telewizyjnego lub mini serialu walczy odtw&oacute;rca jednej z g\u0142&oacute;wnych r&oacute;l &#8211; Kevin Costner. Szans\u0119 na nagrod\u0119 ma tak\u017ce operator Arthur Reinhart, kt&oacute;ry za zdj\u0119cia do produkcji zosta\u0142 nominowany do American Society of Cinematographers Awards.<\/p>\n<p>&#8222;Hatfields &amp; McCoys: Wojna klan&oacute;w&#8221; to oparta na faktach historia konfliktu pomi\u0119dzy dwoma rodami, w wyniku kt&oacute;rego \u015bmier\u0107 ponios\u0142o 12 os&oacute;b. Wojn\u0119 rozpocz\u0119\u0142a potyczka s\u0142owna pomi\u0119dzy cz\u0142onkiem klanu Hatfield&oacute;w, Jimem Vansem (w tej roli nagrodzony Emmy za najlepsz\u0105 rol\u0119 drugoplanow\u0105 Tom Berenger) a Harmonem McCoyem, kt&oacute;ry nied\u0142ugo po tym zdarzeniu zgin\u0105\u0142 w niewyja\u015bnionych okoliczno\u015bciach. Do rozwoju konfliktu przyczyni\u0142y si\u0119 m.in. kradzie\u017c  \u015bwiniaka oraz upokarzaj\u0105cy proces s\u0105dowy. Historia, kt&oacute;ra si\u0119ga XIX wieku, do dzi\u015b funkcjonuje w \u015bwiadomo\u015bci Amerykan&oacute;w jako synonim walki o honor i sprawiedliwo\u015b\u0107. W pracy nad scenariuszem wzi\u0119li udzia\u0142 potomkowie obu rodzin, co czyni j\u0105 jeszcze bardziej autentyczn\u0105.<\/p>\n<p>Serial &#8222;Hatfields &amp; McCoys: Wojna klan&oacute;w&#8221; mo\u017cna ogl\u0105da\u0107 od pi\u0105tku 11 stycznia na kanale AXN o godzinie 22.00.<\/p>\n","protected":false},"excerpt":{"rendered":"Od 11 stycznia na kanale AXN pojawi si\u0119 oparty na faktach serial &#8222;Hatfields &amp; McCoys: Wojna klan&oacute;w&#8221;.","protected":false},"author":1,"featured_media":3057,"comment_status":"open","ping_status":"closed","sticky":false,"template":"","format":"standard","meta":{"csco_display_header_overlay":false,"csco_singular_sidebar":"","csco_page_header_type":"","csco_page_load_nextpost":"","csco_post_video_location":[],"csco_post_video_location_hash":"","csco_post_video_url":"","csco_post_video_bg_start_time":0,"csco_post_video_bg_end_time":0,"footnotes":""},"categories":[9670],"tags":[553],"class_list":{"0":"post-3056","1":"post","2":"type-post","3":"status-publish","4":"format-standard","5":"has-post-thumbnail","7":"category-tv","8":"tag-axn","9":"cs-entry","10":"cs-video-wrap"},"_links":{"self":[{"href":"https:\/\/mediarun.com\/pl\/wp-json\/wp\/v2\/posts\/3056","targetHints":{"allow":["GET"]}}],"collection":[{"href":"https:\/\/mediarun.com\/pl\/wp-json\/wp\/v2\/posts"}],"about":[{"href":"https:\/\/mediarun.com\/pl\/wp-json\/wp\/v2\/types\/post"}],"author":[{"embeddable":true,"href":"https:\/\/mediarun.com\/pl\/wp-json\/wp\/v2\/users\/1"}],"replies":[{"embeddable":true,"href":"https:\/\/mediarun.com\/pl\/wp-json\/wp\/v2\/comments?post=3056"}],"version-history":[{"count":0,"href":"https:\/\/mediarun.com\/pl\/wp-json\/wp\/v2\/posts\/3056\/revisions"}],"wp:featuredmedia":[{"embeddable":true,"href":"https:\/\/mediarun.com\/pl\/wp-json\/wp\/v2\/media\/3057"}],"wp:attachment":[{"href":"https:\/\/mediarun.com\/pl\/wp-json\/wp\/v2\/media?parent=3056"}],"wp:term":[{"taxonomy":"category","embeddable":true,"href":"https:\/\/mediarun.com\/pl\/wp-json\/wp\/v2\/categories?post=3056"},{"taxonomy":"post_tag","embeddable":true,"href":"https:\/\/mediarun.com\/pl\/wp-json\/wp\/v2\/tags?post=3056"}],"curies":[{"name":"wp","href":"https:\/\/api.w.org\/{rel}","templated":true}]}}