{"id":30438,"date":"2009-12-17T10:30:12","date_gmt":"2009-12-17T09:30:12","guid":{"rendered":"https:\/\/mediarun.com\/index.php\/news-posts\/mlocka-pod-dywanem-o-szefa-tvp\/"},"modified":"2009-12-17T10:30:12","modified_gmt":"2009-12-17T09:30:12","slug":"mlocka-pod-dywanem-o-szefa-tvp","status":"publish","type":"post","link":"https:\/\/mediarun.com\/pl\/media\/tv\/mlocka-pod-dywanem-o-szefa-tvp.html","title":{"rendered":"M\u0142\u00f3cka pod dywanem o szefa TVP"},"content":{"rendered":"<p>Termin wyboru nowego prezesa TVP mija w sobot\u0119. Wtedy to ko\u0144czy si\u0119 oddelegowanie do zarz\u0105du dw&oacute;ch cz\u0142onk&oacute;w rady nadzorczej, m.in. p.o. szefa telewizji Tomasza Szatkowskiego. Obj\u0105\u0142 t\u0119 funkcj\u0119, bo pierwszy konkurs na prezesa TVP (po usuni\u0119ciu poprzedniego p.o. prezesa Piotra Farfa\u0142a) zosta\u0142 uniewa\u017cniony. Wy\u0142oni\u0142by bowiem szefa TVP tylko na p&oacute;\u0142 roku. A PiS i SLD, kt&oacute;re podzieli\u0142y mi\u0119dzy siebie wp\u0142ywy w mediach publicznych (pierwsza z partii ma obsadzi\u0107 stanowisko szefa TVP, drugiej przypad\u0142 fotel prezesa Polskiego Radia), nie ufaj\u0105 sobie na tyle, by ryzykowa\u0107 kolejne targi w newralgicznym okresie kampanii wyborczej. Dlatego rozpisano kolejny konkurs.<\/p>\n<p>Wi\u0119cej na <a href=\"http:\/\/http:\/\/www.rzeczpospolita.pl\/\">http:\/\/www.rzeczpospolita.pl\/<\/a><\/p>\n","protected":false},"excerpt":{"rendered":"Dlaczego nowego prezesa telewizji poznamy dopiero w sobot\u0119? Bo frakcje PiS i SLD zwar\u0142y si\u0119 w morderczej walce.","protected":false},"author":1,"featured_media":30439,"comment_status":"open","ping_status":"closed","sticky":false,"template":"","format":"standard","meta":{"csco_display_header_overlay":false,"csco_singular_sidebar":"","csco_page_header_type":"","csco_page_load_nextpost":"","csco_post_video_location":[],"csco_post_video_location_hash":"","csco_post_video_url":"","csco_post_video_bg_start_time":0,"csco_post_video_bg_end_time":0,"footnotes":""},"categories":[9670],"tags":[392],"class_list":{"0":"post-30438","1":"post","2":"type-post","3":"status-publish","4":"format-standard","5":"has-post-thumbnail","7":"category-tv","8":"tag-tvp","9":"cs-entry","10":"cs-video-wrap"},"_links":{"self":[{"href":"https:\/\/mediarun.com\/pl\/wp-json\/wp\/v2\/posts\/30438","targetHints":{"allow":["GET"]}}],"collection":[{"href":"https:\/\/mediarun.com\/pl\/wp-json\/wp\/v2\/posts"}],"about":[{"href":"https:\/\/mediarun.com\/pl\/wp-json\/wp\/v2\/types\/post"}],"author":[{"embeddable":true,"href":"https:\/\/mediarun.com\/pl\/wp-json\/wp\/v2\/users\/1"}],"replies":[{"embeddable":true,"href":"https:\/\/mediarun.com\/pl\/wp-json\/wp\/v2\/comments?post=30438"}],"version-history":[{"count":0,"href":"https:\/\/mediarun.com\/pl\/wp-json\/wp\/v2\/posts\/30438\/revisions"}],"wp:featuredmedia":[{"embeddable":true,"href":"https:\/\/mediarun.com\/pl\/wp-json\/wp\/v2\/media\/30439"}],"wp:attachment":[{"href":"https:\/\/mediarun.com\/pl\/wp-json\/wp\/v2\/media?parent=30438"}],"wp:term":[{"taxonomy":"category","embeddable":true,"href":"https:\/\/mediarun.com\/pl\/wp-json\/wp\/v2\/categories?post=30438"},{"taxonomy":"post_tag","embeddable":true,"href":"https:\/\/mediarun.com\/pl\/wp-json\/wp\/v2\/tags?post=30438"}],"curies":[{"name":"wp","href":"https:\/\/api.w.org\/{rel}","templated":true}]}}