{"id":30400,"date":"2009-12-17T20:33:45","date_gmt":"2009-12-17T19:33:45","guid":{"rendered":"https:\/\/mediarun.com\/index.php\/news-posts\/gosc-niedzielny-z-plyta-new-lifem\/"},"modified":"2009-12-17T20:33:45","modified_gmt":"2009-12-17T19:33:45","slug":"gosc-niedzielny-z-plyta-new-lifem","status":"publish","type":"post","link":"https:\/\/mediarun.com\/pl\/media\/prasa\/gosc-niedzielny-z-plyta-new-lifem.html","title":{"rendered":"Go\u015b\u0107 Niedzielny z p\u0142yt\u0105 New Life&#8217;m"},"content":{"rendered":"<p>Nagranie zosta\u0142o wykonane specjalnie dla Go\u015bcia Niedzielnego i jest dost\u0119pne wy\u0142\u0105cznie z tygodnikiem. Cena numeru z p\u0142yt\u0105 pozostaje bez zmian i wynosi 4 z\u0142. 51 nr. b\u0119dzie dost\u0119pny w sprzeda\u017cy od 20 grudnia.<\/p>\n<p>Na p\u0142ycie znalaz\u0142y si\u0119 m.in.: &#8222;Cicha noc&#8217;, &#8222;Przybie\u017celi do Betlejem&#8221;, &#8222;Tryumfy Kr&oacute;la niebieskiego&#8221;, &#8222;B&oacute;g si\u0119 rodzi&#8221;, &#8222;P&oacute;jd\u017amy wszyscy do stajenki&#8221;, &#8222;Do szopy, hej, pasterze&#8221;, &#8222;Z narodzenia Pana&#8221;, &#8222;Anio\u0142 pasterzom m&oacute;wi\u0142&#8221; oraz &#8222;Rado\u015b\u0107 dzi\u015b nasta\u0142a&#8221;.<\/p>\n<p>Nast\u0119pne wydanie Go\u015bcia Niedzielnego uka\u017ce si\u0119 w powi\u0119kszonej obj\u0119to\u015bci i b\u0119dzie \u0142\u0105czonym numerem \u015bwi\u0105teczno-noworocznym w cenie 7 z\u0142.<\/p>\n","protected":false},"excerpt":{"rendered":"Do 51. nr Go\u015bcia Niedzielnego zostanie do\u0142\u0105czona p\u0142yta z kol\u0119dami w wykonaniu zespo\u0142u New Life&#8217;m.","protected":false},"author":1,"featured_media":30401,"comment_status":"open","ping_status":"closed","sticky":false,"template":"","format":"standard","meta":{"csco_display_header_overlay":false,"csco_singular_sidebar":"","csco_page_header_type":"","csco_page_load_nextpost":"","csco_post_video_location":[],"csco_post_video_location_hash":"","csco_post_video_url":"","csco_post_video_bg_start_time":0,"csco_post_video_bg_end_time":0,"footnotes":""},"categories":[9673],"tags":[1540],"class_list":{"0":"post-30400","1":"post","2":"type-post","3":"status-publish","4":"format-standard","5":"has-post-thumbnail","7":"category-prasa","8":"tag-gosc-niedzielny","9":"cs-entry","10":"cs-video-wrap"},"_links":{"self":[{"href":"https:\/\/mediarun.com\/pl\/wp-json\/wp\/v2\/posts\/30400","targetHints":{"allow":["GET"]}}],"collection":[{"href":"https:\/\/mediarun.com\/pl\/wp-json\/wp\/v2\/posts"}],"about":[{"href":"https:\/\/mediarun.com\/pl\/wp-json\/wp\/v2\/types\/post"}],"author":[{"embeddable":true,"href":"https:\/\/mediarun.com\/pl\/wp-json\/wp\/v2\/users\/1"}],"replies":[{"embeddable":true,"href":"https:\/\/mediarun.com\/pl\/wp-json\/wp\/v2\/comments?post=30400"}],"version-history":[{"count":0,"href":"https:\/\/mediarun.com\/pl\/wp-json\/wp\/v2\/posts\/30400\/revisions"}],"wp:featuredmedia":[{"embeddable":true,"href":"https:\/\/mediarun.com\/pl\/wp-json\/wp\/v2\/media\/30401"}],"wp:attachment":[{"href":"https:\/\/mediarun.com\/pl\/wp-json\/wp\/v2\/media?parent=30400"}],"wp:term":[{"taxonomy":"category","embeddable":true,"href":"https:\/\/mediarun.com\/pl\/wp-json\/wp\/v2\/categories?post=30400"},{"taxonomy":"post_tag","embeddable":true,"href":"https:\/\/mediarun.com\/pl\/wp-json\/wp\/v2\/tags?post=30400"}],"curies":[{"name":"wp","href":"https:\/\/api.w.org\/{rel}","templated":true}]}}