{"id":30362,"date":"2009-12-21T00:25:30","date_gmt":"2009-12-20T23:25:30","guid":{"rendered":"https:\/\/mediarun.com\/index.php\/news-posts\/podsumowanie-2009-roku-radio\/"},"modified":"2009-12-21T00:25:30","modified_gmt":"2009-12-20T23:25:30","slug":"podsumowanie-2009-roku-radio","status":"publish","type":"post","link":"https:\/\/mediarun.com\/pl\/media\/radio\/podsumowanie-2009-roku-radio.html","title":{"rendered":"Podsumowanie 2009 roku: radio"},"content":{"rendered":"<p><strong>Mateusz Kirstein, redaktor naczelny i dyr. programowy Radia Zet<\/strong><\/p>\n<p><strong>WYDARZENIE:<\/strong><br \/>Cho\u0107 niezr\u0119cznie zaczyna\u0107 od siebie, uwa\u017cam, \u017ce najwa\u017cniejszym wydarzeniem w bran\u017cy by\u0142y zmiany zachodz\u0105ce w Radiu Zet.<\/p>\n<p><strong>NIESPODZIANKA:<\/strong><br \/>Zaskakuj\u0105ca by\u0142a dla mnie zbi&oacute;rka pieni\u0119dzy, kt&oacute;r\u0105 w\u015br&oacute;d swoich s\u0142uchaczy zorganizowa\u0142a radiowa Tr&oacute;jka.<\/p>\n<p><strong>ROZCZAROWANIE:<\/strong><br \/>Do najwi\u0119kszych rozczarowa\u0144 zaliczy\u0142bym to, co dzieje si\u0119 wok&oacute;\u0142 radia publicznego &#8211; roszady personalne, polityczne zamieszanie i brak klarownej wizji rozwoju tej instytucji.<\/p>\n<p>&nbsp;<\/p>\n<p><strong>Adam Fija\u0142kowski, dyrektor ds. programu i promocji Grupy Radiowej Agory<\/strong><\/p>\n<p><strong>WYDARZENIE:<\/strong><br \/>Po d\u0142ugim czasie r&oacute;wnorz\u0119dnej walki o pozycj\u0119 wiod\u0105c\u0105 w\u015br&oacute;d og&oacute;lnopolskich stacji radiowych pomi\u0119dzy RMF FM a Radiem Zet na prowadzenie wysun\u0119\u0142o si\u0119 RMF FM. To ciekawa zmiana po latach swoistego duopolu obu stacji.<\/p>\n<p><strong>NIESPODZIANKA:<\/strong><br \/>Zmiany w Radiu Roxy: nowy naczelny, nowe programy autorskie i ich prowadz\u0105cy, nowy, kulturalny profil. Jak na stacj\u0119 komercyjn\u0105 to wyj\u0105tkowa zmiana i kolejny krok w rozwoju opiniotw&oacute;rczo\u015bci radia.<\/p>\n<p><strong>ROZCZAROWANIE:<\/strong><br \/>Ma\u0142o zrozumia\u0142e zmiany i polityka programowa w Eurozecie. Ciekawe, jak wp\u0142yn\u0105 na pozycj\u0119 Radia Zet w zmaganiach konkurencyjnych z RMF FM.<\/p>\n<p>&nbsp;<\/p>\n<p><strong>Dariusz Grzywaczewski, prezes zarz\u0105du Radia PiN <\/strong><\/p>\n<p><strong>WYDARZENIE: <\/strong><br \/> Radio PIN ma koncesje w pi\u0119ciu miastach Polski. Utrzymuj\u0105ca si\u0119 przewaga RMF na Radiem Zet. Zmiany na rynku dom&oacute;w mediowych pracuj\u0105cych dla rynku radiowego &#8211; wydaje si\u0119, \u017ce mamy do czynienia z pocz\u0105tkiem istotnych zmian.<\/p>\n<p><strong> NIESPODZIANKA: <\/strong><br \/>Rynek rozg\u0142o\u015bni radiowych niczym mnie nie zaskoczy\u0142 w 2009 roku.<\/p>\n<p><strong>ROZCZAROWANIE: <\/strong><br \/>Jestem rozczarowany postaw\u0105 medi&oacute;w w czasie kryzysu. Nie jest normaln\u0105 sytuacj\u0105, \u017ce klienci s\u0105 zaskoczeni wysoko\u015bci\u0105 rabat&oacute;w, jakie na wy\u015bcigi oferuj\u0105 im media, zw\u0142aszcza rozg\u0142o\u015bnie radiowe. I to tak\u017ce te najwi\u0119ksze. Powr&oacute;t do normalno\u015bci zajmie bardzo du\u017co czasu. \u2028\u2028Wp\u0142yw kryzysu by\u0142 wyj\u0105tkowo destrukcyjny. Nieproporcjonalnie du\u017cy do jego realnych rozmiar&oacute;w. Po raz kolejny da\u0142o si\u0119 zauwa\u017cy\u0107 szkodliw\u0105 asymetri\u0119 rynku. Rozproszenie po stronie medi&oacute;w i koncentracj\u0119 po stronie klient&oacute;w. Je\u015bli chodzi o rabaty, w ci\u0105gu kilku miesi\u0119cy rynek wr&oacute;ci\u0142 do pozycji sprzed paru lat, kt&oacute;ry cechowa\u0142 si\u0119 wyniszczaj\u0105c\u0105 walk\u0105 na wysoko\u015b\u0107 rabat&oacute;w. Teraz trudno b\u0119dzie t\u0142umaczy\u0107 klientom, \u017ce sko\u0144czy\u0142 si\u0119 czas, kiedy mo\u017cna by\u0142o \u017c\u0105da\u0107 coraz wi\u0119cej za coraz mniej.<\/p>\n<p>&nbsp;<\/p>\n<p><strong>Magda Jethon, dyrektor i redaktor naczelny Programu III Polskiego Radia<\/strong><\/p>\n<p><strong>WYDARZENIE: <\/strong><br \/>Rekordowy wynik s\u0142uchalno\u015bci Tr&oacute;jki oraz zbi&oacute;rka publiczna zorganizowana przez Komitet Mi\u0142o\u015bnik&oacute;w Tr&oacute;jki na rzecz Programu III. Komitet Mi\u0142o\u015bnik&oacute;w Tr&oacute;jki powsta\u0142 ze spontanicznej akcji naszych s\u0142uchaczy i zebra\u0142 ponad 680 tys. z\u0142. To zdarzenie bez precedensu, zar&oacute;wno je\u015bli chodzi o wynik finansowy, jak i dow&oacute;d oddania S\u0142uchaczy Programowi III.<\/p>\n<p><strong>NIESPODZIANKA:&nbsp;<\/strong><br \/>Odej\u015bcie z Radia Zet Roberta Kozyry oraz spadaj\u0105ce wyniki s\u0142uchalno\u015bci tej stacji.<\/p>\n<p><strong>ROZCZAROWANIE:<\/strong>&nbsp;<br \/>Brak nowej ustawy medialnej.<\/p>\n<p>&nbsp;<\/p>\n<p><strong>Andrzej \u0141ukaszewicz, za\u0142o\u017cyciel i w\u0142a\u015bciciel Radia TokSport<\/strong><\/p>\n<p><strong>WYDARZENIE:<br \/><\/strong>Subiektywnie &#8211; start radia TokSport, pierwszego w Polsce radia sportowego. Na razie w internecie, ale rozmowy z KRRiT w sprawie koncesji na nadawanie naziemne (Krak&oacute;w) s\u0105 w bardzo zaawansowanym stanie&#8230;<\/p>\n<p>Obiektywnie &#8211; zmiany w radiowej Tr&oacute;jce &#8211; odsuni\u0119cie Krzysztofa Skowro\u0144skiego z funkcji szefa radia. Wizerunkowo zamieszanie w PR3 nie wysz\u0142o rozg\u0142o\u015bni na dobre. Do tego odej\u015bcie kilku os&oacute;b prowadz\u0105cych programy (np. Jerzy Lachowicz, Micha\u0142 Karnowski) zmieni\u0142o nieco oblicze Tr&oacute;jki, ale niestety nie na lepsze.<\/p>\n<p><strong>NIESPODZIANKA:<br \/><\/strong>Brak kreatywno\u015bci Radia Zet. Bardzo ci\u0119\u017cko jest wymy\u015ble\u0107 w\u0142asny konkurs, akcj\u0119 lub kampani\u0119 reklamow\u0105. \u0141atwiej skopiowa\u0107 &#8222;Wielk\u0105 Kumulacj\u0119&#8221; z RMF FM i promowa\u0107 j\u0105 tymi samymi sloganami. Czy to wynik bezradno\u015bci Zetki na poczynania konkurencji, czy brak kreatywnych os&oacute;b w stacji? Tak czy owak &#8211; pora\u017cka, bo po tak wielkim koncernie mo\u017cna spodziewa\u0107 si\u0119 &#8211; no w\u0142a\u015bnie &#8211; kreatywno\u015bci!<\/p>\n<p><strong>ROZCZAROWANIE:<br \/><\/strong>Radio Euro &#8211; pierwotnie mia\u0142o by\u0107 dla m\u0142odych, mia\u0142o by\u0107 ciekawe, zaawansowane technologicznie (z platform\u0105 multimedialn\u0105) r&oacute;wnie\u017c  o sporcie, muzyce, filmie, czyli o&#8230; wszystkim, a wysz\u0142o o&#8230; nic nie wysz\u0142o. Zn&oacute;w czytam zapowiedzi rewolucji w Radio Euro i jako\u015b zn&oacute;w nie wierz\u0119, \u017ce cokolwiek z tego wyjdzie.<\/p>\n","protected":false},"excerpt":{"rendered":"Rynek radiowy AD 2009 oceniaj\u0105 przedstawicele m.in. Radia Zet, Tr&oacute;jki, Grupy Radiowej Agory i Radia PiN.","protected":false},"author":1,"featured_media":30363,"comment_status":"open","ping_status":"closed","sticky":false,"template":"","format":"standard","meta":{"csco_display_header_overlay":false,"csco_singular_sidebar":"","csco_page_header_type":"","csco_page_load_nextpost":"","csco_post_video_location":[],"csco_post_video_location_hash":"","csco_post_video_url":"","csco_post_video_bg_start_time":0,"csco_post_video_bg_end_time":0,"footnotes":""},"categories":[9672],"tags":[5297],"class_list":{"0":"post-30362","1":"post","2":"type-post","3":"status-publish","4":"format-standard","5":"has-post-thumbnail","7":"category-radio","8":"tag-podsumowanie-roku","9":"cs-entry","10":"cs-video-wrap"},"_links":{"self":[{"href":"https:\/\/mediarun.com\/pl\/wp-json\/wp\/v2\/posts\/30362","targetHints":{"allow":["GET"]}}],"collection":[{"href":"https:\/\/mediarun.com\/pl\/wp-json\/wp\/v2\/posts"}],"about":[{"href":"https:\/\/mediarun.com\/pl\/wp-json\/wp\/v2\/types\/post"}],"author":[{"embeddable":true,"href":"https:\/\/mediarun.com\/pl\/wp-json\/wp\/v2\/users\/1"}],"replies":[{"embeddable":true,"href":"https:\/\/mediarun.com\/pl\/wp-json\/wp\/v2\/comments?post=30362"}],"version-history":[{"count":0,"href":"https:\/\/mediarun.com\/pl\/wp-json\/wp\/v2\/posts\/30362\/revisions"}],"wp:featuredmedia":[{"embeddable":true,"href":"https:\/\/mediarun.com\/pl\/wp-json\/wp\/v2\/media\/30363"}],"wp:attachment":[{"href":"https:\/\/mediarun.com\/pl\/wp-json\/wp\/v2\/media?parent=30362"}],"wp:term":[{"taxonomy":"category","embeddable":true,"href":"https:\/\/mediarun.com\/pl\/wp-json\/wp\/v2\/categories?post=30362"},{"taxonomy":"post_tag","embeddable":true,"href":"https:\/\/mediarun.com\/pl\/wp-json\/wp\/v2\/tags?post=30362"}],"curies":[{"name":"wp","href":"https:\/\/api.w.org\/{rel}","templated":true}]}}