{"id":30342,"date":"2009-12-21T14:31:29","date_gmt":"2009-12-21T13:31:29","guid":{"rendered":"https:\/\/mediarun.com\/index.php\/news-posts\/swieta-w-stacjach-radiowych-agory\/"},"modified":"2009-12-21T14:31:29","modified_gmt":"2009-12-21T13:31:29","slug":"swieta-w-stacjach-radiowych-agory","status":"publish","type":"post","link":"https:\/\/mediarun.com\/pl\/media\/radio\/swieta-w-stacjach-radiowych-agory.html","title":{"rendered":"\u015awi\u0119ta w stacjach radiowych Agory"},"content":{"rendered":"<p>24 grudnia Radio Z\u0142ote Przeboje zaproponuje s\u0142uchaczom wigilijny program Marka Nied\u017awieckiego (w godz. 9.00-13.00), a nast\u0119pnie \u015bwi\u0105teczne wydanie programu Marzeny Rogalskiej &#8222;Mi\u0119dzy s\u0142owami&#8221;(w godz. 13.00-16.00), w kt&oacute;rym pojawi\u0105 si\u0119 znani go\u015bcie &#8211; Paulina i Maciej Kurzajewscy, Joanna Brodzik wraz z serialow\u0105 c&oacute;rk\u0105 Olg\u0105 Frycz oraz Halinka Mlynkowa z m\u0119\u017cem \u0141ukaszem Nowickim. Po godz. 16.00, a\u017c do p&oacute;\u0142nocy, w Radiu Z\u0142ote Przeboje b\u0119dzie mo\u017cna us\u0142ysze\u0107 polskie kol\u0119dy. W \u015bwi\u0105teczny weekend, 26 i 27 grudnia na antenie pojawi si\u0119 &#8222;Top Wszechczas&oacute;w&#8221; &#8211; program Marka Nied\u017awieckiego nadawany w godz. 10.00-15.00.<\/p>\n<p>Radio Tok FM na \u015bwi\u0119ta przygotowa\u0142o dla s\u0142uchaczy mniej program&oacute;w o polityce, a wi\u0119cej okoliczno\u015bciowych wyda\u0144 audycji. Pierwszego dnia \u015bwi\u0105t, 25 grudnia Kamil D\u0105browa i dr Jacek Wasilewski podsumuj\u0105 mijaj\u0105cy rok, odmierzany przez najciekawsze wydania prasy tabloidowej, a dr Leszek Mellibruda, psycholog biznesu, opowie o tym, jak w czasie \u015bwi\u0105t skutecznie odpocz\u0105\u0107 i dobrze wykorzysta\u0107 wolny czas. W programie Ewy Podolskiej 25 grudnia pojawi\u0105 si\u0119 wspomnienia i \u015bwi\u0105teczne opowie\u015bci oraz prezenty od Radia Tok FM. 26 grudnia b\u0119dzie mo\u017cna us\u0142ysze\u0107 specjalne wydanie programu &#8222;Zielono mi&#8221;.<\/p>\n<p>Radio Tok FM, wychodz\u0105c naprzeciw pro\u015bbom s\u0142uchaczy, powt&oacute;rzy te\u017c ich ulubione wydania programu Jaros\u0142awa Spycha\u0142y &#8222;LEGO-LOGOS&#8221; oraz audycji Krzysztofa Wo\u017aniaka i Agaty Kowalskiej &#8222;Sko\u0142owani&#8221;. W \u015bwi\u0105teczne poranki b\u0119dzie mo\u017cna r&oacute;wnie\u017c wys\u0142ucha\u0107 specjalnych reporta\u017cy przygotowanych przez dziennikarzy stacji: 25 grudnia &#8211; reporta\u017c Macieja Zientarskiego z Palestyny, 27 grudnia &#8211; Dariusza Zalewskiego z Ameryki Po\u0142udniowej, a 1 stycznia i 3 stycznia &#8211; Agnieszki Lichnerowicz z Afryki i Gruzji.<\/p>\n<p>Radio Roxy nie przewiduje zmian w swojej ram&oacute;wce &#8211; na antenie pojawi\u0105 si\u0119 \u015bwi\u0105teczne wydania program&oacute;w autorskich.<\/p>\n","protected":false},"excerpt":{"rendered":"Stacje radiowe Agory w okresie \u015bwi\u0105tecznym wprowadz\u0105 zmiany do swoich program&oacute;w.","protected":false},"author":1,"featured_media":30343,"comment_status":"open","ping_status":"closed","sticky":false,"template":"","format":"standard","meta":{"csco_display_header_overlay":false,"csco_singular_sidebar":"","csco_page_header_type":"","csco_page_load_nextpost":"","csco_post_video_location":[],"csco_post_video_location_hash":"","csco_post_video_url":"","csco_post_video_bg_start_time":0,"csco_post_video_bg_end_time":0,"footnotes":""},"categories":[9672],"tags":[214,1123,503],"class_list":{"0":"post-30342","1":"post","2":"type-post","3":"status-publish","4":"format-standard","5":"has-post-thumbnail","7":"category-radio","8":"tag-agora","9":"tag-radio-tok-fm","10":"tag-radio-zlote-przeboje","11":"cs-entry","12":"cs-video-wrap"},"_links":{"self":[{"href":"https:\/\/mediarun.com\/pl\/wp-json\/wp\/v2\/posts\/30342","targetHints":{"allow":["GET"]}}],"collection":[{"href":"https:\/\/mediarun.com\/pl\/wp-json\/wp\/v2\/posts"}],"about":[{"href":"https:\/\/mediarun.com\/pl\/wp-json\/wp\/v2\/types\/post"}],"author":[{"embeddable":true,"href":"https:\/\/mediarun.com\/pl\/wp-json\/wp\/v2\/users\/1"}],"replies":[{"embeddable":true,"href":"https:\/\/mediarun.com\/pl\/wp-json\/wp\/v2\/comments?post=30342"}],"version-history":[{"count":0,"href":"https:\/\/mediarun.com\/pl\/wp-json\/wp\/v2\/posts\/30342\/revisions"}],"wp:featuredmedia":[{"embeddable":true,"href":"https:\/\/mediarun.com\/pl\/wp-json\/wp\/v2\/media\/30343"}],"wp:attachment":[{"href":"https:\/\/mediarun.com\/pl\/wp-json\/wp\/v2\/media?parent=30342"}],"wp:term":[{"taxonomy":"category","embeddable":true,"href":"https:\/\/mediarun.com\/pl\/wp-json\/wp\/v2\/categories?post=30342"},{"taxonomy":"post_tag","embeddable":true,"href":"https:\/\/mediarun.com\/pl\/wp-json\/wp\/v2\/tags?post=30342"}],"curies":[{"name":"wp","href":"https:\/\/api.w.org\/{rel}","templated":true}]}}